{"id":20240,"date":"2025-12-26T18:04:10","date_gmt":"2025-12-27T00:04:10","guid":{"rendered":"https:\/\/portal.fgeo.gob.mx\/?post_type=noticias&#038;p=20240"},"modified":"2025-12-26T18:04:10","modified_gmt":"2025-12-27T00:04:10","slug":"boletin-2057-fiscalia-de-oaxaca-obtiene-vinculacion-a-proceso-y-prision-preventiva-contra-imputado-por-violacion-la-victima-estaba-bajo-su-cuidado","status":"publish","type":"noticias","link":"https:\/\/portal.fgeo.gob.mx\/index.php\/archivos\/noticias\/boletin-2057-fiscalia-de-oaxaca-obtiene-vinculacion-a-proceso-y-prision-preventiva-contra-imputado-por-violacion-la-victima-estaba-bajo-su-cuidado","title":{"rendered":"BOLET\u00cdN 2,057.- Fiscal\u00eda de Oaxaca obtiene vinculaci\u00f3n a proceso y prisi\u00f3n preventiva contra imputado por violaci\u00f3n; la v\u00edctima estaba bajo su cuidado"},"content":{"rendered":"\n<p><strong>Oaxaca de Ju\u00e1rez, Oax., 26 de diciembre de 2025.-<\/strong> La Fiscal\u00eda General del Estado de Oaxaca (FGEO) obtuvo auto de vinculaci\u00f3n a proceso y prisi\u00f3n preventiva en contra de una persona del sexo masculino identificada como A.M.M., por el delito de violaci\u00f3n equiparada, cometido en agravio de una menor de edad en la regi\u00f3n de la Costa.<\/p>\n\n\n\n<p>De acuerdo con las investigaciones ministeriales, los hechos ocurrieron el 15 de marzo de 2024, en un domicilio ubicado en Bah\u00edas de Huatulco, donde la v\u00edctima -una menor de edad cuya identidad se encuentra reservada por ley- fue agredida sexualmente mientras se encontraba bajo el cuidado del agresor, primo pol\u00edtico.<\/p>\n\n\n\n<p>Derivado de la denuncia presentada, la FGEO atrajo el caso y, a trav\u00e9s de la Vicefiscal\u00eda Regional de la Costa, inici\u00f3 las investigaciones con perspectiva de infancia, lo que permiti\u00f3 obtener una orden de aprehensi\u00f3n en contra de A.M.M.<\/p>\n\n\n\n<p>Una vez localizado, elementos de la Agencia Estatal de Investigaciones (AEI) ejecutaron el mandato judicial y detuvieron al imputado en inmediaciones de la calle Guaymas, en el puerto de Salina Cruz, para posteriormente ponerlo a disposici\u00f3n de la autoridad competente.<\/p>\n\n\n\n<p>Tras valorar los datos de prueba presentados por el Ministerio P\u00fablico, el Juez de Control dict\u00f3 auto de vinculaci\u00f3n a proceso contra A.M.M. por el delito de violaci\u00f3n equiparada, adem\u00e1s de imponer la medida cautelar de prisi\u00f3n preventiva y otorgar un plazo de dos meses para el cierre de la investigaci\u00f3n complementaria.<\/p>\n\n\n\n<p>La Fiscal\u00eda General del Estado de Oaxaca refrenda su compromiso de dar celeridad a las investigaciones relacionadas con delitos cometidos contra ni\u00f1as, ni\u00f1os, adolescentes y mujeres, a fin de garantizar el acceso a la justicia y una vida libre de violencia.<\/p>\n\n\n\n<figure class=\"wp-block-image size-large\"><img fetchpriority=\"high\" decoding=\"async\" width=\"1024\" height=\"841\" src=\"https:\/\/portal.fgeo.gob.mx\/minio\/pagina\/wp-content\/uploads\/2025\/12\/WhatsApp-Image-2025-12-26-at-4.34.27-PM-1024x841.jpeg\" alt=\"\" class=\"wp-image-20241\" srcset=\"https:\/\/portal.fgeo.gob.mx\/minio\/pagina\/wp-content\/uploads\/2025\/12\/WhatsApp-Image-2025-12-26-at-4.34.27-PM-1024x841.jpeg 1024w, https:\/\/portal.fgeo.gob.mx\/minio\/pagina\/wp-content\/uploads\/2025\/12\/WhatsApp-Image-2025-12-26-at-4.34.27-PM-300x246.jpeg 300w, https:\/\/portal.fgeo.gob.mx\/minio\/pagina\/wp-content\/uploads\/2025\/12\/WhatsApp-Image-2025-12-26-at-4.34.27-PM-768x631.jpeg 768w, https:\/\/portal.fgeo.gob.mx\/minio\/pagina\/wp-content\/uploads\/2025\/12\/WhatsApp-Image-2025-12-26-at-4.34.27-PM.jpeg 1461w\" sizes=\"(max-width: 1024px) 100vw, 1024px\" \/><\/figure>\n","protected":false},"author":2,"featured_media":0,"comment_status":"closed","ping_status":"closed","template":"","tags":[],"categoria_noticias":[],"class_list":["post-20240","noticias","type-noticias","status-publish","hentry"],"acf":[],"mb":[],"mfb_rest_fields":["title","gutenberg_elementor_mode"],"_links":{"self":[{"href":"https:\/\/portal.fgeo.gob.mx\/index.php\/wp-json\/wp\/v2\/noticias\/20240","targetHints":{"allow":["GET"]}}],"collection":[{"href":"https:\/\/portal.fgeo.gob.mx\/index.php\/wp-json\/wp\/v2\/noticias"}],"about":[{"href":"https:\/\/portal.fgeo.gob.mx\/index.php\/wp-json\/wp\/v2\/types\/noticias"}],"author":[{"embeddable":true,"href":"https:\/\/portal.fgeo.gob.mx\/index.php\/wp-json\/wp\/v2\/users\/2"}],"replies":[{"embeddable":true,"href":"https:\/\/portal.fgeo.gob.mx\/index.php\/wp-json\/wp\/v2\/comments?post=20240"}],"wp:attachment":[{"href":"https:\/\/portal.fgeo.gob.mx\/index.php\/wp-json\/wp\/v2\/media?parent=20240"}],"wp:term":[{"taxonomy":"post_tag","embeddable":true,"href":"https:\/\/portal.fgeo.gob.mx\/index.php\/wp-json\/wp\/v2\/tags?post=20240"},{"taxonomy":"categoria_noticias","embeddable":true,"href":"https:\/\/portal.fgeo.gob.mx\/index.php\/wp-json\/wp\/v2\/categoria_noticias?post=20240"}],"curies":[{"name":"wp","href":"https:\/\/api.w.org\/{rel}","templated":true}]}}