{"id":20231,"date":"2025-12-26T12:23:26","date_gmt":"2025-12-26T18:23:26","guid":{"rendered":"https:\/\/portal.fgeo.gob.mx\/?post_type=noticias&#038;p=20231"},"modified":"2025-12-26T12:23:26","modified_gmt":"2025-12-26T18:23:26","slug":"boletin-2055-fiscalia-de-oaxaca-obtiene-vinculacion-a-proceso-y-prision-contra-imputado-por-violacion-que-derivo-en-embarazo-de-adolescente","status":"publish","type":"noticias","link":"https:\/\/portal.fgeo.gob.mx\/index.php\/archivos\/noticias\/boletin-2055-fiscalia-de-oaxaca-obtiene-vinculacion-a-proceso-y-prision-contra-imputado-por-violacion-que-derivo-en-embarazo-de-adolescente","title":{"rendered":"BOLET\u00cdN 2,055.- Fiscal\u00eda de Oaxaca obtiene vinculaci\u00f3n a proceso y prisi\u00f3n contra imputado por violaci\u00f3n que deriv\u00f3 en embarazo de adolescente"},"content":{"rendered":"\n<p><strong>Oaxaca de Ju\u00e1rez, Oax., 26 de diciembre de 2025.-<\/strong> Como resultado de las investigaciones enfocadas en garantizar los derechos a una vida libre de violencia para las ni\u00f1as, ni\u00f1os, adolescentes y mujeres, la Fiscal\u00eda General del Estado de Oaxaca (FGEO) obtuvo vinculaci\u00f3n a proceso y prisi\u00f3n preventiva en contra de un hombre identificado como L.L.R., imputado por el delito de violaci\u00f3n, cometido en agravio de una menor de edad en los Valles Centrales.<\/p>\n\n\n\n<p>De acuerdo con lo asentado en la carpeta de investigaci\u00f3n del caso, los hechos ocurrieron entre la \u00faltima semana de febrero y principios de marzo de 2025, en un domicilio ubicado en la colonia Shagiblo de Arriba, en el municipio de San Pablo Villa de Mitla, donde la v\u00edctima, una ni\u00f1a de 12 a\u00f1os de edad-cuya identidad est\u00e1 reservada por ley- conviv\u00eda con familiares cercanos, incluido el imputado.<\/p>\n\n\n\n<p>Las investigaciones de la FGEO permitieron establecer que la v\u00edctima fue objeto de agresiones sexuales, lo que deriv\u00f3 en afectaciones ginecol\u00f3gicas y psicol\u00f3gicas, as\u00ed como un embarazo, situaci\u00f3n que fue acreditada mediante dict\u00e1menes periciales especializados.<\/p>\n\n\n\n<p>Por lo anterior, la Fiscal\u00eda de Oaxaca -a trav\u00e9s de la Vicefiscal\u00eda Regional de los Valles Centrales- reuni\u00f3 las pruebas suficientes que permitieron obtener una orden de aprehensi\u00f3n y realizar la detenci\u00f3n de L.L.R., la cual fue ejecutada por elementos de la Agencia Estatal de Investigaciones (AEI) quienes lo presentaron ante la autoridad competente.<\/p>\n\n\n\n<p>Tras valorar los datos de prueba, el Juez de Control determin\u00f3 vincular a proceso a L.L.R., e imponer la medida cautelar de prisi\u00f3n preventiva oficiosa otorgando un plazo de dos meses para el cierre de la investigaci\u00f3n complementaria.<\/p>\n\n\n\n<p>La Fiscal\u00eda General del Estado de Oaxaca prioriza las investigaciones relacionadas con delitos cometidos contra las mujeres, ni\u00f1as y adolescentes, para presentar ante la justicia a los responsables a fin de garantizar el derecho a una vida libre de violencia.<\/p>\n\n\n\n<figure class=\"wp-block-image size-full\"><img fetchpriority=\"high\" decoding=\"async\" width=\"572\" height=\"763\" src=\"https:\/\/portal.fgeo.gob.mx\/minio\/pagina\/wp-content\/uploads\/2025\/12\/Diseno-sin-titulo-1766773403.jpg\" alt=\"\" class=\"wp-image-20232\" srcset=\"https:\/\/portal.fgeo.gob.mx\/minio\/pagina\/wp-content\/uploads\/2025\/12\/Diseno-sin-titulo-1766773403.jpg 572w, https:\/\/portal.fgeo.gob.mx\/minio\/pagina\/wp-content\/uploads\/2025\/12\/Diseno-sin-titulo-1766773403-225x300.jpg 225w\" sizes=\"(max-width: 572px) 100vw, 572px\" \/><figcaption class=\"wp-element-caption\">Dise\u00f1o sin t\u00edtulo &#8211; 1<\/figcaption><\/figure>\n","protected":false},"author":2,"featured_media":0,"comment_status":"closed","ping_status":"closed","template":"","tags":[],"categoria_noticias":[],"class_list":["post-20231","noticias","type-noticias","status-publish","hentry"],"acf":[],"mb":[],"mfb_rest_fields":["title","gutenberg_elementor_mode"],"_links":{"self":[{"href":"https:\/\/portal.fgeo.gob.mx\/index.php\/wp-json\/wp\/v2\/noticias\/20231","targetHints":{"allow":["GET"]}}],"collection":[{"href":"https:\/\/portal.fgeo.gob.mx\/index.php\/wp-json\/wp\/v2\/noticias"}],"about":[{"href":"https:\/\/portal.fgeo.gob.mx\/index.php\/wp-json\/wp\/v2\/types\/noticias"}],"author":[{"embeddable":true,"href":"https:\/\/portal.fgeo.gob.mx\/index.php\/wp-json\/wp\/v2\/users\/2"}],"replies":[{"embeddable":true,"href":"https:\/\/portal.fgeo.gob.mx\/index.php\/wp-json\/wp\/v2\/comments?post=20231"}],"wp:attachment":[{"href":"https:\/\/portal.fgeo.gob.mx\/index.php\/wp-json\/wp\/v2\/media?parent=20231"}],"wp:term":[{"taxonomy":"post_tag","embeddable":true,"href":"https:\/\/portal.fgeo.gob.mx\/index.php\/wp-json\/wp\/v2\/tags?post=20231"},{"taxonomy":"categoria_noticias","embeddable":true,"href":"https:\/\/portal.fgeo.gob.mx\/index.php\/wp-json\/wp\/v2\/categoria_noticias?post=20231"}],"curies":[{"name":"wp","href":"https:\/\/api.w.org\/{rel}","templated":true}]}}