{"id":20222,"date":"2025-12-26T08:37:59","date_gmt":"2025-12-26T14:37:59","guid":{"rendered":"https:\/\/portal.fgeo.gob.mx\/?post_type=noticias&#038;p=20222"},"modified":"2025-12-26T08:37:59","modified_gmt":"2025-12-26T14:37:59","slug":"boletin-2053-fiscalia-de-oaxaca-obtiene-vinculacion-a-proceso-contra-imputado-por-robo-de-cableado-en-pozo-de-registro-de-telmex","status":"publish","type":"noticias","link":"https:\/\/portal.fgeo.gob.mx\/index.php\/archivos\/noticias\/boletin-2053-fiscalia-de-oaxaca-obtiene-vinculacion-a-proceso-contra-imputado-por-robo-de-cableado-en-pozo-de-registro-de-telmex","title":{"rendered":"BOLET\u00cdN 2,053.- Fiscal\u00eda de Oaxaca obtiene vinculaci\u00f3n a proceso contra imputado por robo de cableado en pozo de registro de TELMEX"},"content":{"rendered":"\n<p><strong>Oaxaca de Ju\u00e1rez a 24 de diciembre de 2025.-<\/strong> Como parte de las acciones de investigaci\u00f3n ministerial para combatir el fen\u00f3meno delictivo, la Fiscal\u00eda General del Estado de Oaxaca (FGEO), obtuvo auto de vinculaci\u00f3n a proceso en contra una persona del sexo masculino identificada como V.O P., imputado por el delito de robo con violencia a las cosas en perjuicio patrimonial de la empresa Tel\u00e9fonos de M\u00e9xico S.A.B. de C.V. (Telmex).<\/p>\n\n\n\n<p>Los hechos por los cuales se le investiga, ocurrieron el pasado 6 de diciembre de 2025, cuando ingresaron a un pozo de registro de cableado de la empresa, ubicado en la esquina de las calles de X\u00f3chitl y Bustamante, en la colonia Centro de Oaxaca de Ju\u00e1rez.<\/p>\n\n\n\n<p>La investigaci\u00f3n establece que habr\u00edan utilizado un c\u00fater y un cuchillo para cortar y sustraer un rollo de 65 metros de cable, causando un detrimento patrimonial a la empresa afectada por un monto estimado de 13 mil 637 pesos.<\/p>\n\n\n\n<p>Tras estos hechos, la FGEO, a trav\u00e9s de la Vicefiscal\u00eda Regional de Valles Centrales, inici\u00f3 las investigaciones ministeriales correspondientes que permitieron aprehender y llevar ante el Juez a V.O.P.<\/p>\n\n\n\n<p>Durante la audiencia, el Juez de Control calific\u00f3 de legal la detenci\u00f3n y decret\u00f3 imputaci\u00f3n para luego con las pruebas aportadas por la FGEO dictar vinculaci\u00f3n a proceso e imponer la medida cautelar de prisi\u00f3n preventiva justificada otorgando un mes para el cierre de la investigaci\u00f3n complementaria, tiempo durante el cual las partes podr\u00e1n recabar mayores datos de prueba para robustecer el caso.<\/p>\n\n\n\n<p>La Fiscal\u00eda General del Estado de Oaxaca est\u00e1 comprometida con establecer l\u00edneas de investigaci\u00f3n s\u00f3lidas que permitan dar con quien o quienes resulten responsables de los delitos, y con ello, garantizar procesos de procuraci\u00f3n de justicia adecuados para las v\u00edctimas directas e indirectas.<\/p>\n\n\n\n<figure class=\"wp-block-image size-large\"><img fetchpriority=\"high\" decoding=\"async\" width=\"1024\" height=\"740\" src=\"https:\/\/portal.fgeo.gob.mx\/minio\/pagina\/wp-content\/uploads\/2025\/12\/Diseno-sin-titulo-1766616907-1024x740.jpg\" alt=\"\" class=\"wp-image-20223\" srcset=\"https:\/\/portal.fgeo.gob.mx\/minio\/pagina\/wp-content\/uploads\/2025\/12\/Diseno-sin-titulo-1766616907-1024x740.jpg 1024w, https:\/\/portal.fgeo.gob.mx\/minio\/pagina\/wp-content\/uploads\/2025\/12\/Diseno-sin-titulo-1766616907-300x217.jpg 300w, https:\/\/portal.fgeo.gob.mx\/minio\/pagina\/wp-content\/uploads\/2025\/12\/Diseno-sin-titulo-1766616907-768x555.jpg 768w, https:\/\/portal.fgeo.gob.mx\/minio\/pagina\/wp-content\/uploads\/2025\/12\/Diseno-sin-titulo-1766616907.jpg 1036w\" sizes=\"(max-width: 1024px) 100vw, 1024px\" \/><\/figure>\n","protected":false},"author":2,"featured_media":0,"comment_status":"closed","ping_status":"closed","template":"","tags":[],"categoria_noticias":[],"class_list":["post-20222","noticias","type-noticias","status-publish","hentry"],"acf":[],"mb":[],"mfb_rest_fields":["title","gutenberg_elementor_mode"],"_links":{"self":[{"href":"https:\/\/portal.fgeo.gob.mx\/index.php\/wp-json\/wp\/v2\/noticias\/20222","targetHints":{"allow":["GET"]}}],"collection":[{"href":"https:\/\/portal.fgeo.gob.mx\/index.php\/wp-json\/wp\/v2\/noticias"}],"about":[{"href":"https:\/\/portal.fgeo.gob.mx\/index.php\/wp-json\/wp\/v2\/types\/noticias"}],"author":[{"embeddable":true,"href":"https:\/\/portal.fgeo.gob.mx\/index.php\/wp-json\/wp\/v2\/users\/2"}],"replies":[{"embeddable":true,"href":"https:\/\/portal.fgeo.gob.mx\/index.php\/wp-json\/wp\/v2\/comments?post=20222"}],"wp:attachment":[{"href":"https:\/\/portal.fgeo.gob.mx\/index.php\/wp-json\/wp\/v2\/media?parent=20222"}],"wp:term":[{"taxonomy":"post_tag","embeddable":true,"href":"https:\/\/portal.fgeo.gob.mx\/index.php\/wp-json\/wp\/v2\/tags?post=20222"},{"taxonomy":"categoria_noticias","embeddable":true,"href":"https:\/\/portal.fgeo.gob.mx\/index.php\/wp-json\/wp\/v2\/categoria_noticias?post=20222"}],"curies":[{"name":"wp","href":"https:\/\/api.w.org\/{rel}","templated":true}]}}