{"id":20207,"date":"2025-12-21T12:21:00","date_gmt":"2025-12-21T18:21:00","guid":{"rendered":"https:\/\/portal.fgeo.gob.mx\/?post_type=noticias&#038;p=20207"},"modified":"2025-12-22T17:22:36","modified_gmt":"2025-12-22T23:22:36","slug":"boletin-2043-fiscalia-de-oaxaca-obtiene-prision-y-vinculacion-a-proceso-contra-maestro-de-musica-por-pederastia-contra-alumna-cometido-en-ocotlan-de-morelos","status":"publish","type":"noticias","link":"https:\/\/portal.fgeo.gob.mx\/index.php\/archivos\/noticias\/boletin-2043-fiscalia-de-oaxaca-obtiene-prision-y-vinculacion-a-proceso-contra-maestro-de-musica-por-pederastia-contra-alumna-cometido-en-ocotlan-de-morelos","title":{"rendered":"BOLET\u00cdN 2,043.- Fiscal\u00eda de Oaxaca obtiene prisi\u00f3n y vinculaci\u00f3n a proceso contra maestro de m\u00fasica por pederastia contra alumna, cometido en Ocotl\u00e1n de Morelos"},"content":{"rendered":"\n<p><strong>Oaxaca de Ju\u00e1rez, Oax., a 21 de diciembre de 2025.-&nbsp;<\/strong>La Fiscal\u00eda General del Estado de Oaxaca (FGEO) obtuvo auto de vinculaci\u00f3n a proceso y prisi\u00f3n preventiva en contra de una persona del sexo masculino identificado como M.A.R.M., imputado por el delito de pederastia, cometido en agravio de una menor de edad en hechos cometidos en la regi\u00f3n de los Valles Centrales.<\/p>\n\n\n\n<p>De acuerdo con la investigaci\u00f3n del caso, los hechos ocurrieron el 14 de diciembre de 2021, en un inmueble ubicado sobre la avenida Castillo Velasco, en la localidad de San Antonino Castillo Velasco, municipio de Ocotl\u00e1n de Morelos, Oaxaca.<\/p>\n\n\n\n<p>En ese lugar, la v\u00edctima -una ni\u00f1a cuya identidad est\u00e1 reservada por ley- era alumna del atacante cuando fue agredida sexualmente, el imputado se desempe\u00f1aba como maestro de m\u00fasica.<\/p>\n\n\n\n<p>El expediente penal detalla que el imputado presuntamente aprovech\u00f3 su posici\u00f3n de confianza y autoridad para realizar tocamientos indebidos contra la v\u00edctima durante una actividad relacionada con la pr\u00e1ctica de un instrumento musical.<\/p>\n\n\n\n<p>Una vez que la FGEO tom\u00f3 conocimiento del caso, inici\u00f3 las investigaciones ministeriales correspondientes a trav\u00e9s de la Vicefiscal\u00eda Regional de Valles Centrales logrando obtener una orden de aprehensi\u00f3n en contra de M.A.R.M., para despu\u00e9s lograr su captura y ponerlo a disposici\u00f3n de la autoridad que lo requiri\u00f3.<\/p>\n\n\n\n<p>Tras el an\u00e1lisis de los datos de prueba presentados por la FGEO, el Juez de Control consider\u00f3 suficientes los elementos y decret\u00f3 vinculaci\u00f3n a proceso contra M.A.R.M., por el delito de pederastia, imponiendo la medida cautelar de prisi\u00f3n preventiva justificada y otorgando un plazo de dos meses de plazo de cierre de investigaci\u00f3n complementaria.<\/p>\n\n\n\n<p>La Fiscal\u00eda General del Estado de Oaxaca tiene como prioridad garantizar procesos de justicia eficientes en los casos de delitos cometidos en contra de ni\u00f1as, ni\u00f1os y adolescentes, por medio de investigaciones integrales y con perspectiva de infancia que logren garantizar el inter\u00e9s superior de la ni\u00f1ez.<\/p>\n\n\n\n<p><\/p>\n","protected":false},"author":2,"featured_media":0,"comment_status":"closed","ping_status":"closed","template":"","tags":[],"categoria_noticias":[],"class_list":["post-20207","noticias","type-noticias","status-publish","hentry"],"acf":[],"mb":[],"mfb_rest_fields":["title","gutenberg_elementor_mode"],"_links":{"self":[{"href":"https:\/\/portal.fgeo.gob.mx\/index.php\/wp-json\/wp\/v2\/noticias\/20207","targetHints":{"allow":["GET"]}}],"collection":[{"href":"https:\/\/portal.fgeo.gob.mx\/index.php\/wp-json\/wp\/v2\/noticias"}],"about":[{"href":"https:\/\/portal.fgeo.gob.mx\/index.php\/wp-json\/wp\/v2\/types\/noticias"}],"author":[{"embeddable":true,"href":"https:\/\/portal.fgeo.gob.mx\/index.php\/wp-json\/wp\/v2\/users\/2"}],"replies":[{"embeddable":true,"href":"https:\/\/portal.fgeo.gob.mx\/index.php\/wp-json\/wp\/v2\/comments?post=20207"}],"wp:attachment":[{"href":"https:\/\/portal.fgeo.gob.mx\/index.php\/wp-json\/wp\/v2\/media?parent=20207"}],"wp:term":[{"taxonomy":"post_tag","embeddable":true,"href":"https:\/\/portal.fgeo.gob.mx\/index.php\/wp-json\/wp\/v2\/tags?post=20207"},{"taxonomy":"categoria_noticias","embeddable":true,"href":"https:\/\/portal.fgeo.gob.mx\/index.php\/wp-json\/wp\/v2\/categoria_noticias?post=20207"}],"curies":[{"name":"wp","href":"https:\/\/api.w.org\/{rel}","templated":true}]}}