{"id":20205,"date":"2025-12-20T17:19:00","date_gmt":"2025-12-20T23:19:00","guid":{"rendered":"https:\/\/portal.fgeo.gob.mx\/?post_type=noticias&#038;p=20205"},"modified":"2025-12-22T17:21:17","modified_gmt":"2025-12-22T23:21:17","slug":"boletin-2042-fiscalia-de-oaxaca-obtiene-sentencia-de-30-anos-de-prision-contra-responsable-de-homicidio-cometido-con-un-cuchillo-en-calles-de-la-costa","status":"publish","type":"noticias","link":"https:\/\/portal.fgeo.gob.mx\/index.php\/archivos\/noticias\/boletin-2042-fiscalia-de-oaxaca-obtiene-sentencia-de-30-anos-de-prision-contra-responsable-de-homicidio-cometido-con-un-cuchillo-en-calles-de-la-costa","title":{"rendered":"BOLET\u00cdN 2,042. Fiscal\u00eda de Oaxaca obtiene sentencia de 30 a\u00f1os de prisi\u00f3n contra responsable de homicidio cometido con un cuchillo en calles de la Costa"},"content":{"rendered":"\n<p><strong>Oaxaca de Ju\u00e1rez, Oax., a 20 de diciembre de 2025.-<\/strong>&nbsp;La investigaci\u00f3n de delitos de alto impacto que realiza la Fiscal\u00eda General del Estado de Oaxaca (FGEO) dio como resultado la obtenci\u00f3n de una sentencia condenatoria de 30 a\u00f1os de prisi\u00f3n contra Faustino A.O.P. o Fortino A.O.P., por su responsabilidad en el delito de homicidio calificado con ventaja, cometido en agravio de N.C.V., en la regi\u00f3n de la Costa.<\/p>\n\n\n\n<p>De acuerdo con el expediente penal, los hechos ocurrieron la madrugada del 29 de septiembre de 2010, en calles de San Gabriel Mixtepec, distrito de Juquila, cuando los agresores -entre ellos el sentenciado- interceptaron a la v\u00edctima a quien golpearon severamente y enseguida lo agredieron con un arma corto contundente (cuchillo), infligiendo lesiones que le causaron la muerte.<\/p>\n\n\n\n<p>Ante estos hechos, la Fiscal\u00eda de Oaxaca, a trav\u00e9s de la Vicefiscal\u00eda Regional de la Costa, llev\u00f3 a cabo las investigaciones correspondientes que permitieron aprehender y presentar ante el juez a Faustino A.O.P. o Fortino A.O.P.<\/p>\n\n\n\n<p>Tras analizar los datos de prueba presentados por la FGEO, el Tribunal de Enjuiciamiento dict\u00f3 sentencia condenatoria de 30 a\u00f1os de prisi\u00f3n en contra de Faustino A.O.P. o Fortino A.O.P., por su responsabilidad en la comisi\u00f3n del delito de homicidio calificado con ventaja, adem\u00e1s de imponer el pago por la reparaci\u00f3n del da\u00f1o.<\/p>\n\n\n\n<p>El empleo de protocolos especializados y t\u00e9cnicas cient\u00edficas de investigaci\u00f3n criminal permite a la Fiscal\u00eda de Oaxaca fortalecer la procuraci\u00f3n de justicia y brindar certeza jur\u00eddica a las v\u00edctimas y a la sociedad.<\/p>\n\n\n\n<figure class=\"wp-block-image size-full\"><img fetchpriority=\"high\" decoding=\"async\" width=\"309\" height=\"470\" src=\"https:\/\/portal.fgeo.gob.mx\/minio\/pagina\/wp-content\/uploads\/2025\/12\/BOLETIN-2042-IMAGEN.png\" alt=\"\" class=\"wp-image-20206\" srcset=\"https:\/\/portal.fgeo.gob.mx\/minio\/pagina\/wp-content\/uploads\/2025\/12\/BOLETIN-2042-IMAGEN.png 309w, https:\/\/portal.fgeo.gob.mx\/minio\/pagina\/wp-content\/uploads\/2025\/12\/BOLETIN-2042-IMAGEN-197x300.png 197w\" sizes=\"(max-width: 309px) 100vw, 309px\" \/><\/figure>\n","protected":false},"author":2,"featured_media":0,"comment_status":"closed","ping_status":"closed","template":"","tags":[],"categoria_noticias":[],"class_list":["post-20205","noticias","type-noticias","status-publish","hentry"],"acf":[],"mb":[],"mfb_rest_fields":["title","gutenberg_elementor_mode"],"_links":{"self":[{"href":"https:\/\/portal.fgeo.gob.mx\/index.php\/wp-json\/wp\/v2\/noticias\/20205","targetHints":{"allow":["GET"]}}],"collection":[{"href":"https:\/\/portal.fgeo.gob.mx\/index.php\/wp-json\/wp\/v2\/noticias"}],"about":[{"href":"https:\/\/portal.fgeo.gob.mx\/index.php\/wp-json\/wp\/v2\/types\/noticias"}],"author":[{"embeddable":true,"href":"https:\/\/portal.fgeo.gob.mx\/index.php\/wp-json\/wp\/v2\/users\/2"}],"replies":[{"embeddable":true,"href":"https:\/\/portal.fgeo.gob.mx\/index.php\/wp-json\/wp\/v2\/comments?post=20205"}],"wp:attachment":[{"href":"https:\/\/portal.fgeo.gob.mx\/index.php\/wp-json\/wp\/v2\/media?parent=20205"}],"wp:term":[{"taxonomy":"post_tag","embeddable":true,"href":"https:\/\/portal.fgeo.gob.mx\/index.php\/wp-json\/wp\/v2\/tags?post=20205"},{"taxonomy":"categoria_noticias","embeddable":true,"href":"https:\/\/portal.fgeo.gob.mx\/index.php\/wp-json\/wp\/v2\/categoria_noticias?post=20205"}],"curies":[{"name":"wp","href":"https:\/\/api.w.org\/{rel}","templated":true}]}}