{"id":20190,"date":"2025-12-22T10:16:13","date_gmt":"2025-12-22T16:16:13","guid":{"rendered":"https:\/\/portal.fgeo.gob.mx\/?post_type=noticias&#038;p=20190"},"modified":"2025-12-22T10:16:13","modified_gmt":"2025-12-22T16:16:13","slug":"boletin-2045-fiscalia-de-oaxaca-aprende-a-un-hombre-y-una-mujer-imputados-por-violacion-en-agravio-de-una-persona-con-discapacidad-cometida-en-santa-cruz-xoxocotlan","status":"publish","type":"noticias","link":"https:\/\/portal.fgeo.gob.mx\/index.php\/archivos\/noticias\/boletin-2045-fiscalia-de-oaxaca-aprende-a-un-hombre-y-una-mujer-imputados-por-violacion-en-agravio-de-una-persona-con-discapacidad-cometida-en-santa-cruz-xoxocotlan","title":{"rendered":"BOLET\u00cdN 2,045.- Fiscal\u00eda de Oaxaca aprende a un hombre y una mujer imputados por violaci\u00f3n en agravio de una persona con discapacidad cometida en Santa Cruz Xoxocotl\u00e1n"},"content":{"rendered":"\n<p><strong>Oaxaca de Ju\u00e1rez a 22 de diciembre de 2025.-<\/strong> La Fiscalia General del Estado de Oaxaca realiz\u00f3 la detenci\u00f3n de dos personas, un hombre y una mujer identificados como J.P.S.A y E.G.E., por el delito de violaci\u00f3n, agravada cometido en Santa Cruz Xoxocotl\u00e1n.<\/p>\n\n\n\n<p>De acuerdo con la carpeta de investigaci\u00f3n del caso los hechos sucedieron el 19 de noviembre de 2025, cuando agredieron sexualmente a la v\u00edctima, qui\u00e9n es una mujer adulta con discapacidad consistente en retardo del lenguaje y probable da\u00f1o neurol\u00f3gico.<\/p>\n\n\n\n<p>A partir de la denuncia penal, la Fiscal\u00eda de Oaxaca inici\u00f3 las investigaciones correspondientes con perspectiva de g\u00e9nero, las cuales permitieron obtener una orden de aprehensi\u00f3n, gracias a la cual se logr\u00f3 la detenci\u00f3n de estas dos personas, cuando se trasladaban de Santa Cruz Huatulco a San Pedro Pochutla, pues, luego de la comisi\u00f3n del delito se trasladaron a la regi\u00f3n de la Costa.<\/p>\n\n\n\n<p>Luego de la detenci\u00f3n, J.P.S.A y E.G.E. quedaron a disposici\u00f3n de la gente del ministerio p\u00fablico correspondiente para resolver su situaci\u00f3n jur\u00eddica<\/p>\n\n\n\n<p>La Fiscal\u00eda de Oaxaca tiene entre sus ejes rectores garantizar una vida libre de violencia para ni\u00f1as, ni\u00f1os, adolescentes y mujeres a trav\u00e9s de los mecanismos de procuraci\u00f3n de justicia que est\u00e1n a cargo de \u00e1reas especializadas y bien capacitadas para este tipo de labores.<\/p>\n\n\n\n<figure class=\"wp-block-gallery has-nested-images columns-default is-cropped wp-block-gallery-1 is-layout-flex wp-block-gallery-is-layout-flex\">\n<figure class=\"wp-block-image size-full\"><img fetchpriority=\"high\" decoding=\"async\" width=\"780\" height=\"737\" data-id=\"20191\" src=\"https:\/\/portal.fgeo.gob.mx\/minio\/pagina\/wp-content\/uploads\/2025\/12\/WhatsApp-Image-2025-12-22-at-9.29.43-AM.jpeg\" alt=\"\" class=\"wp-image-20191\" srcset=\"https:\/\/portal.fgeo.gob.mx\/minio\/pagina\/wp-content\/uploads\/2025\/12\/WhatsApp-Image-2025-12-22-at-9.29.43-AM.jpeg 780w, https:\/\/portal.fgeo.gob.mx\/minio\/pagina\/wp-content\/uploads\/2025\/12\/WhatsApp-Image-2025-12-22-at-9.29.43-AM-300x283.jpeg 300w, https:\/\/portal.fgeo.gob.mx\/minio\/pagina\/wp-content\/uploads\/2025\/12\/WhatsApp-Image-2025-12-22-at-9.29.43-AM-768x726.jpeg 768w\" sizes=\"(max-width: 780px) 100vw, 780px\" \/><\/figure>\n<\/figure>\n","protected":false},"author":2,"featured_media":0,"comment_status":"closed","ping_status":"closed","template":"","tags":[],"categoria_noticias":[],"class_list":["post-20190","noticias","type-noticias","status-publish","hentry"],"acf":[],"mb":[],"mfb_rest_fields":["title","gutenberg_elementor_mode"],"_links":{"self":[{"href":"https:\/\/portal.fgeo.gob.mx\/index.php\/wp-json\/wp\/v2\/noticias\/20190","targetHints":{"allow":["GET"]}}],"collection":[{"href":"https:\/\/portal.fgeo.gob.mx\/index.php\/wp-json\/wp\/v2\/noticias"}],"about":[{"href":"https:\/\/portal.fgeo.gob.mx\/index.php\/wp-json\/wp\/v2\/types\/noticias"}],"author":[{"embeddable":true,"href":"https:\/\/portal.fgeo.gob.mx\/index.php\/wp-json\/wp\/v2\/users\/2"}],"replies":[{"embeddable":true,"href":"https:\/\/portal.fgeo.gob.mx\/index.php\/wp-json\/wp\/v2\/comments?post=20190"}],"wp:attachment":[{"href":"https:\/\/portal.fgeo.gob.mx\/index.php\/wp-json\/wp\/v2\/media?parent=20190"}],"wp:term":[{"taxonomy":"post_tag","embeddable":true,"href":"https:\/\/portal.fgeo.gob.mx\/index.php\/wp-json\/wp\/v2\/tags?post=20190"},{"taxonomy":"categoria_noticias","embeddable":true,"href":"https:\/\/portal.fgeo.gob.mx\/index.php\/wp-json\/wp\/v2\/categoria_noticias?post=20190"}],"curies":[{"name":"wp","href":"https:\/\/api.w.org\/{rel}","templated":true}]}}