{"id":20178,"date":"2025-12-18T17:00:00","date_gmt":"2025-12-18T23:00:00","guid":{"rendered":"https:\/\/portal.fgeo.gob.mx\/?post_type=noticias&#038;p=20178"},"modified":"2025-12-19T15:45:04","modified_gmt":"2025-12-19T21:45:04","slug":"fiscalia-de-oaxaca-detiene-a-imputado-por-homicidio-cometido-al-interior-de-un-rancho-en-el-estado-de-veracruz","status":"publish","type":"noticias","link":"https:\/\/portal.fgeo.gob.mx\/index.php\/archivos\/noticias\/fiscalia-de-oaxaca-detiene-a-imputado-por-homicidio-cometido-al-interior-de-un-rancho-en-el-estado-de-veracruz","title":{"rendered":"BOLET\u00cdN 2,037.- Fiscal\u00eda de Oaxaca detiene a imputado por homicidio cometido al interior de un rancho en el estado de Veracruz"},"content":{"rendered":"\n<p>Oaxaca de Ju\u00e1rez, Oax. 18 de diciembre de 2025.- La Fiscal\u00eda General del Estado de Oaxaca (FGEO), en colaboraci\u00f3n interinstitucional, ejecutaron una orden de aprehensi\u00f3n que permiti\u00f3 la detenci\u00f3n de una persona del sexo masculino identificado como R.C.T., por el delito de homicidio calificado con ventaja, ocurrido en el municipio de Otatitl\u00e1n, Veracruz.<\/p>\n\n\n\n<p>La detenci\u00f3n se llev\u00f3 a cabo gracias a la intervenci\u00f3n de la FGEO, a trav\u00e9s de la Vicefiscal\u00eda Regional de la Cuenca y elementos de la Agencia Estatal de Investigaciones (AEI) en calles de la agencia de polic\u00eda Lomas de San Juan, perteneciente al municipio de San Felipe Jalapa de D\u00edaz.<\/p>\n\n\n\n<p>La investigaci\u00f3n del caso establece que, el mandato judicial deriva de hechos cometidos el 20 de septiembre de 2024 en el interior de un rancho denominado &#8220;El Zapote&#8221;, ubicado en jurisdicci\u00f3n del municipio de Otatitl\u00e1n Veracruz, lugar donde un hombre identificado como V.G.R., quien se desempe\u00f1aba como empacador de pl\u00e1tano fue privado de la vida con un arma punzocortante.<\/p>\n\n\n\n<p>Una vez que la FGEO tom\u00f3 conocimiento del caso -derivado de la solicitud de colaboraci\u00f3n de la Fiscal\u00eda Regional de Cosamaloapan Veracruz- a trav\u00e9s de la Vicefiscal\u00eda Regional de la Cuenca realiz\u00f3 las labores de localizaci\u00f3n y logr\u00f3 establecer que R.C.T. se encontraba en la regi\u00f3n de la Cuenca del estado de Oaxaca, por lo que se procedi\u00f3 a su detenci\u00f3n y certificaci\u00f3n m\u00e9dica para luego ser trasladado al estado de Veracruz con el fin de que se resuelva su situaci\u00f3n legal.<\/p>\n\n\n\n<p>Para la FGEO, el empleo de protocolos y la aplicaci\u00f3n de t\u00e9cnicas cient\u00edficas e investigaciones de cr\u00edmenes, permiten tener certeza en los trabajos de procuraci\u00f3n de justicia en el estado.<\/p>\n\n\n\n<figure class=\"wp-block-gallery has-nested-images columns-default is-cropped wp-block-gallery-1 is-layout-flex wp-block-gallery-is-layout-flex\">\n<figure class=\"wp-block-image size-large\"><img fetchpriority=\"high\" decoding=\"async\" width=\"1024\" height=\"948\" data-id=\"20179\" src=\"https:\/\/portal.fgeo.gob.mx\/minio\/pagina\/wp-content\/uploads\/2025\/12\/WhatsApp-Image-2025-12-18-at-5.02.24-PM-1-1024x948.jpeg\" alt=\"\" class=\"wp-image-20179\" srcset=\"https:\/\/portal.fgeo.gob.mx\/minio\/pagina\/wp-content\/uploads\/2025\/12\/WhatsApp-Image-2025-12-18-at-5.02.24-PM-1-1024x948.jpeg 1024w, https:\/\/portal.fgeo.gob.mx\/minio\/pagina\/wp-content\/uploads\/2025\/12\/WhatsApp-Image-2025-12-18-at-5.02.24-PM-1-300x278.jpeg 300w, https:\/\/portal.fgeo.gob.mx\/minio\/pagina\/wp-content\/uploads\/2025\/12\/WhatsApp-Image-2025-12-18-at-5.02.24-PM-1-768x711.jpeg 768w, https:\/\/portal.fgeo.gob.mx\/minio\/pagina\/wp-content\/uploads\/2025\/12\/WhatsApp-Image-2025-12-18-at-5.02.24-PM-1.jpeg 1037w\" sizes=\"(max-width: 1024px) 100vw, 1024px\" \/><\/figure>\n\n\n\n<figure class=\"wp-block-image size-large\"><img decoding=\"async\" width=\"1024\" height=\"861\" data-id=\"20180\" src=\"https:\/\/portal.fgeo.gob.mx\/minio\/pagina\/wp-content\/uploads\/2025\/12\/WhatsApp-Image-2025-12-18-at-5.02.24-PM-1024x861.jpeg\" alt=\"\" class=\"wp-image-20180\" srcset=\"https:\/\/portal.fgeo.gob.mx\/minio\/pagina\/wp-content\/uploads\/2025\/12\/WhatsApp-Image-2025-12-18-at-5.02.24-PM-1024x861.jpeg 1024w, https:\/\/portal.fgeo.gob.mx\/minio\/pagina\/wp-content\/uploads\/2025\/12\/WhatsApp-Image-2025-12-18-at-5.02.24-PM-300x252.jpeg 300w, https:\/\/portal.fgeo.gob.mx\/minio\/pagina\/wp-content\/uploads\/2025\/12\/WhatsApp-Image-2025-12-18-at-5.02.24-PM-768x646.jpeg 768w, https:\/\/portal.fgeo.gob.mx\/minio\/pagina\/wp-content\/uploads\/2025\/12\/WhatsApp-Image-2025-12-18-at-5.02.24-PM.jpeg 1142w\" sizes=\"(max-width: 1024px) 100vw, 1024px\" \/><\/figure>\n<\/figure>\n","protected":false},"author":2,"featured_media":0,"comment_status":"closed","ping_status":"closed","template":"","tags":[],"categoria_noticias":[],"class_list":["post-20178","noticias","type-noticias","status-publish","hentry"],"acf":[],"mb":[],"mfb_rest_fields":["title","gutenberg_elementor_mode"],"_links":{"self":[{"href":"https:\/\/portal.fgeo.gob.mx\/index.php\/wp-json\/wp\/v2\/noticias\/20178","targetHints":{"allow":["GET"]}}],"collection":[{"href":"https:\/\/portal.fgeo.gob.mx\/index.php\/wp-json\/wp\/v2\/noticias"}],"about":[{"href":"https:\/\/portal.fgeo.gob.mx\/index.php\/wp-json\/wp\/v2\/types\/noticias"}],"author":[{"embeddable":true,"href":"https:\/\/portal.fgeo.gob.mx\/index.php\/wp-json\/wp\/v2\/users\/2"}],"replies":[{"embeddable":true,"href":"https:\/\/portal.fgeo.gob.mx\/index.php\/wp-json\/wp\/v2\/comments?post=20178"}],"wp:attachment":[{"href":"https:\/\/portal.fgeo.gob.mx\/index.php\/wp-json\/wp\/v2\/media?parent=20178"}],"wp:term":[{"taxonomy":"post_tag","embeddable":true,"href":"https:\/\/portal.fgeo.gob.mx\/index.php\/wp-json\/wp\/v2\/tags?post=20178"},{"taxonomy":"categoria_noticias","embeddable":true,"href":"https:\/\/portal.fgeo.gob.mx\/index.php\/wp-json\/wp\/v2\/categoria_noticias?post=20178"}],"curies":[{"name":"wp","href":"https:\/\/api.w.org\/{rel}","templated":true}]}}