{"id":20150,"date":"2025-12-19T13:23:11","date_gmt":"2025-12-19T19:23:11","guid":{"rendered":"https:\/\/portal.fgeo.gob.mx\/?post_type=noticias&#038;p=20150"},"modified":"2025-12-19T13:23:11","modified_gmt":"2025-12-19T19:23:11","slug":"boletin-2039-fiscalia-de-oaxaca-obtiene-vinculacion-a-proceso-y-prision-por-feminicidio-contra-adulta-mayor-cometido-en-la-sierra-de-flores-magon","status":"publish","type":"noticias","link":"https:\/\/portal.fgeo.gob.mx\/index.php\/archivos\/noticias\/boletin-2039-fiscalia-de-oaxaca-obtiene-vinculacion-a-proceso-y-prision-por-feminicidio-contra-adulta-mayor-cometido-en-la-sierra-de-flores-magon","title":{"rendered":"BOLET\u00cdN 2,039.- Fiscal\u00eda de Oaxaca obtiene vinculaci\u00f3n a proceso y prisi\u00f3n por feminicidio contra adulta mayor, cometido en la Sierra de Flores Mag\u00f3n"},"content":{"rendered":"\n<p><strong>Oaxaca de Ju\u00e1rez a 19 de diciembre de 2025.-<\/strong> En seguimiento a casos de violencia de g\u00e9nero contra la mujer, la Fiscal\u00eda General del Estado de Oaxaca (FGEO) obtuvo auto de vinculaci\u00f3n a proceso y prisi\u00f3n preventiva en contra de una persona del sexo masculino identificado como B.L.R., imputado por el delito de femicidio agravado, cometido en la Sierra de Flores Mag\u00f3n.<\/p>\n\n\n\n<p>De acuerdo con el expediente penal del caso, como antecedente se sabe que, en noviembre y diciembre de 2024, la v\u00edctima -una mujer adulta mayor identificada como M.C.S.- se\u00f1al\u00f3 al imputado por robo de dinero en efectivo y agresiones f\u00edsicas en inmediaciones de la localidad de Agua Ancha, perteneciente al municipio de Eloxochitl\u00e1n de Flores Mag\u00f3n.<\/p>\n\n\n\n<p>Posteriormente, el 29 de enero de 2025, la mujer se encontraba en su domicilio ubicado en dicho municipio, donde lleg\u00f3 el agresor y la amordaz\u00f3 para despu\u00e9s atacar con un golpe en la cabeza que le provoc\u00f3 la muerte, la autopsia revel\u00f3 que la causa del fallecimiento fue un traumatismo craneoencef\u00e1lico.<\/p>\n\n\n\n<p>Por estos hechos, la FGEO -a trav\u00e9s de la Vicefiscal\u00eda General de Control Regional- inici\u00f3 las investigaciones que permitieron obtener del Juez una orden de aprehensi\u00f3n contra B.L.R, misma que fue ejecutada por elementos de la Agencia Estatal de Investigaciones (AEI), quienes pusieron al detenido a disposici\u00f3n del Ministerio P\u00fablico.<\/p>\n\n\n\n<p>En audiencia, y tras evaluar los datos de prueba aportados por la FGEO, el Juez de la causa consider\u00f3 suficientes los indicios hallados por lo que decret\u00f3 vinculaci\u00f3n a proceso en contra de B.L.R., por el delito de femicidio agravado imponiendo como medida cautelar prisi\u00f3n preventiva justificada y otorg\u00f3 tres meses para el cierre de investigaci\u00f3n complementaria.<\/p>\n\n\n\n<p>La Fiscal\u00eda de Oaxaca prioriza la investigaci\u00f3n de los delitos cometidos contra mujeres, por lo que cuenta con un equipo multidisciplinario que realiza las indagatorias con perspectiva de g\u00e9nero, esto con el objetivo de brindar mejores resultados a las v\u00edctimas directas e indirectas para garantizarles un adecuado acceso a la procuraci\u00f3n de justicia.<\/p>\n\n\n\n<figure class=\"wp-block-gallery has-nested-images columns-default is-cropped wp-block-gallery-1 is-layout-flex wp-block-gallery-is-layout-flex\">\n<figure class=\"wp-block-image size-large\"><img fetchpriority=\"high\" decoding=\"async\" width=\"768\" height=\"1024\" data-id=\"20151\" src=\"https:\/\/portal.fgeo.gob.mx\/minio\/pagina\/wp-content\/uploads\/2025\/12\/Diseno-sin-titulo-2-4-768x1024.jpg\" alt=\"\" class=\"wp-image-20151\" srcset=\"https:\/\/portal.fgeo.gob.mx\/minio\/pagina\/wp-content\/uploads\/2025\/12\/Diseno-sin-titulo-2-4-768x1024.jpg 768w, https:\/\/portal.fgeo.gob.mx\/minio\/pagina\/wp-content\/uploads\/2025\/12\/Diseno-sin-titulo-2-4-225x300.jpg 225w, https:\/\/portal.fgeo.gob.mx\/minio\/pagina\/wp-content\/uploads\/2025\/12\/Diseno-sin-titulo-2-4.jpg 867w\" sizes=\"(max-width: 768px) 100vw, 768px\" \/><\/figure>\n\n\n\n<figure class=\"wp-block-image size-large\"><img decoding=\"async\" width=\"768\" height=\"1024\" data-id=\"20153\" src=\"https:\/\/portal.fgeo.gob.mx\/minio\/pagina\/wp-content\/uploads\/2025\/12\/Diseno-sin-titulo-1766172178-768x1024.jpg\" alt=\"\" class=\"wp-image-20153\" srcset=\"https:\/\/portal.fgeo.gob.mx\/minio\/pagina\/wp-content\/uploads\/2025\/12\/Diseno-sin-titulo-1766172178-768x1024.jpg 768w, https:\/\/portal.fgeo.gob.mx\/minio\/pagina\/wp-content\/uploads\/2025\/12\/Diseno-sin-titulo-1766172178-225x300.jpg 225w, https:\/\/portal.fgeo.gob.mx\/minio\/pagina\/wp-content\/uploads\/2025\/12\/Diseno-sin-titulo-1766172178.jpg 867w\" sizes=\"(max-width: 768px) 100vw, 768px\" \/><\/figure>\n\n\n\n<figure class=\"wp-block-image size-large\"><img decoding=\"async\" width=\"768\" height=\"1024\" data-id=\"20152\" src=\"https:\/\/portal.fgeo.gob.mx\/minio\/pagina\/wp-content\/uploads\/2025\/12\/Diseno-sin-titulo-1-7-768x1024.jpg\" alt=\"\" class=\"wp-image-20152\" srcset=\"https:\/\/portal.fgeo.gob.mx\/minio\/pagina\/wp-content\/uploads\/2025\/12\/Diseno-sin-titulo-1-7-768x1024.jpg 768w, https:\/\/portal.fgeo.gob.mx\/minio\/pagina\/wp-content\/uploads\/2025\/12\/Diseno-sin-titulo-1-7-225x300.jpg 225w, https:\/\/portal.fgeo.gob.mx\/minio\/pagina\/wp-content\/uploads\/2025\/12\/Diseno-sin-titulo-1-7.jpg 867w\" sizes=\"(max-width: 768px) 100vw, 768px\" \/><\/figure>\n<\/figure>\n","protected":false},"author":2,"featured_media":0,"comment_status":"closed","ping_status":"closed","template":"","tags":[],"categoria_noticias":[],"class_list":["post-20150","noticias","type-noticias","status-publish","hentry"],"acf":[],"mb":[],"mfb_rest_fields":["title","gutenberg_elementor_mode"],"_links":{"self":[{"href":"https:\/\/portal.fgeo.gob.mx\/index.php\/wp-json\/wp\/v2\/noticias\/20150","targetHints":{"allow":["GET"]}}],"collection":[{"href":"https:\/\/portal.fgeo.gob.mx\/index.php\/wp-json\/wp\/v2\/noticias"}],"about":[{"href":"https:\/\/portal.fgeo.gob.mx\/index.php\/wp-json\/wp\/v2\/types\/noticias"}],"author":[{"embeddable":true,"href":"https:\/\/portal.fgeo.gob.mx\/index.php\/wp-json\/wp\/v2\/users\/2"}],"replies":[{"embeddable":true,"href":"https:\/\/portal.fgeo.gob.mx\/index.php\/wp-json\/wp\/v2\/comments?post=20150"}],"wp:attachment":[{"href":"https:\/\/portal.fgeo.gob.mx\/index.php\/wp-json\/wp\/v2\/media?parent=20150"}],"wp:term":[{"taxonomy":"post_tag","embeddable":true,"href":"https:\/\/portal.fgeo.gob.mx\/index.php\/wp-json\/wp\/v2\/tags?post=20150"},{"taxonomy":"categoria_noticias","embeddable":true,"href":"https:\/\/portal.fgeo.gob.mx\/index.php\/wp-json\/wp\/v2\/categoria_noticias?post=20150"}],"curies":[{"name":"wp","href":"https:\/\/api.w.org\/{rel}","templated":true}]}}