{"id":20148,"date":"2025-12-19T10:02:36","date_gmt":"2025-12-19T16:02:36","guid":{"rendered":"https:\/\/portal.fgeo.gob.mx\/?post_type=noticias&#038;p=20148"},"modified":"2025-12-19T10:02:36","modified_gmt":"2025-12-19T16:02:36","slug":"boletin-2038-fiscalia-de-oaxaca-obtiene-sentencia-de-22-anos-de-prision-contra-responsable-de-violacion-en-agravio-de-una-nina-cometido-en-ciudad-yagul-en-tlacolula-de-matamoros","status":"publish","type":"noticias","link":"https:\/\/portal.fgeo.gob.mx\/index.php\/archivos\/noticias\/boletin-2038-fiscalia-de-oaxaca-obtiene-sentencia-de-22-anos-de-prision-contra-responsable-de-violacion-en-agravio-de-una-nina-cometido-en-ciudad-yagul-en-tlacolula-de-matamoros","title":{"rendered":"Bolet\u00edn 2,038.- Fiscal\u00eda de Oaxaca obtiene sentencia de 22 a\u00f1os de prisi\u00f3n contra responsable de violaci\u00f3n en agravio de una ni\u00f1a, cometido en Ciudad Yagul en Tlacolula de Matamoros"},"content":{"rendered":"\n<p><strong>Oaxaca de Ju\u00e1rez a 19 de diciembre de 2025.-<\/strong>&nbsp;Como resultado de las investigaciones orientadas a garantizar el derecho de ni\u00f1as, ni\u00f1os y adolescentes a una vida libre de violencia, la Fiscal\u00eda General del Estado de Oaxaca (FGEO) obtuvo una sentencia condenatoria de 22 a\u00f1os de prisi\u00f3n en contra de una persona del sexo masculino identificada como Constantino M.C., por su responsabilidad en el delito de equiparado a la violaci\u00f3n, cometido en agravio de una ni\u00f1a en la regi\u00f3n de los Valles Centrales.<\/p>\n\n\n\n<p>De acuerdo con la causa penal, los hechos ocurrieron entre el 14 y el 27 de septiembre de 2020, al interior de un domicilio ubicado en el Fraccionamiento Ciudad Yagul, en la jurisdicci\u00f3n de Tlacolula de Matamoros, donde el hoy sentenciado agredi\u00f3 sexualmente a la v\u00edctima -una ni\u00f1a cuya identidad est\u00e1 reservada por ley-.<\/p>\n\n\n\n<p>Las investigaciones permitieron establecer que el sentenciado viv\u00eda en concubinato con la t\u00eda de la v\u00edctima, circunstancia que facilit\u00f3 el acceso y la comisi\u00f3n del delito.<\/p>\n\n\n\n<p>Tras la denuncia correspondiente, la FGEO inici\u00f3 las indagatorias a trav\u00e9s de la Vicefiscal\u00eda Regional de Valles Centrales, lo que deriv\u00f3 en la aprehensi\u00f3n de Constantino M.C. por parte de Agentes Estatales de Investigaci\u00f3n. Posteriormente, fue presentado ante la autoridad competente.<\/p>\n\n\n\n<p>Derivado del trabajo multidisciplinario realizado por la Fiscal\u00eda de Oaxaca, la autoridad judicial cont\u00f3 con los elementos probatorios suficientes para dictar sentencia condenatoria de 22 a\u00f1os de prisi\u00f3n contra Constantino M.C., adem\u00e1s de imponerle el pago de la reparaci\u00f3n del da\u00f1o a favor de la v\u00edctima.<\/p>\n\n\n\n<p>La Fiscal\u00eda General del Estado de Oaxaca reafirma su compromiso de garantizar una vida libre de violencia para ni\u00f1as, ni\u00f1os y adolescentes, mediante mecanismos de procuraci\u00f3n de justicia a cargo de \u00e1reas especializadas y debidamente capacitadas.<\/p>\n\n\n\n<figure class=\"wp-block-image size-full\"><img fetchpriority=\"high\" decoding=\"async\" width=\"271\" height=\"386\" src=\"https:\/\/portal.fgeo.gob.mx\/minio\/pagina\/wp-content\/uploads\/2025\/12\/WhatsApp-Image-2025-12-19-at-9.32.24-AM.jpeg\" alt=\"\" class=\"wp-image-20149\" srcset=\"https:\/\/portal.fgeo.gob.mx\/minio\/pagina\/wp-content\/uploads\/2025\/12\/WhatsApp-Image-2025-12-19-at-9.32.24-AM.jpeg 271w, https:\/\/portal.fgeo.gob.mx\/minio\/pagina\/wp-content\/uploads\/2025\/12\/WhatsApp-Image-2025-12-19-at-9.32.24-AM-211x300.jpeg 211w\" sizes=\"(max-width: 271px) 100vw, 271px\" \/><\/figure>\n","protected":false},"author":2,"featured_media":0,"comment_status":"closed","ping_status":"closed","template":"","tags":[],"categoria_noticias":[],"class_list":["post-20148","noticias","type-noticias","status-publish","hentry"],"acf":[],"mb":[],"mfb_rest_fields":["title","gutenberg_elementor_mode"],"_links":{"self":[{"href":"https:\/\/portal.fgeo.gob.mx\/index.php\/wp-json\/wp\/v2\/noticias\/20148","targetHints":{"allow":["GET"]}}],"collection":[{"href":"https:\/\/portal.fgeo.gob.mx\/index.php\/wp-json\/wp\/v2\/noticias"}],"about":[{"href":"https:\/\/portal.fgeo.gob.mx\/index.php\/wp-json\/wp\/v2\/types\/noticias"}],"author":[{"embeddable":true,"href":"https:\/\/portal.fgeo.gob.mx\/index.php\/wp-json\/wp\/v2\/users\/2"}],"replies":[{"embeddable":true,"href":"https:\/\/portal.fgeo.gob.mx\/index.php\/wp-json\/wp\/v2\/comments?post=20148"}],"wp:attachment":[{"href":"https:\/\/portal.fgeo.gob.mx\/index.php\/wp-json\/wp\/v2\/media?parent=20148"}],"wp:term":[{"taxonomy":"post_tag","embeddable":true,"href":"https:\/\/portal.fgeo.gob.mx\/index.php\/wp-json\/wp\/v2\/tags?post=20148"},{"taxonomy":"categoria_noticias","embeddable":true,"href":"https:\/\/portal.fgeo.gob.mx\/index.php\/wp-json\/wp\/v2\/categoria_noticias?post=20148"}],"curies":[{"name":"wp","href":"https:\/\/api.w.org\/{rel}","templated":true}]}}