{"id":20117,"date":"2025-12-17T09:00:00","date_gmt":"2025-12-17T15:00:00","guid":{"rendered":"https:\/\/portal.fgeo.gob.mx\/?post_type=noticias&#038;p=20117"},"modified":"2026-01-05T12:22:37","modified_gmt":"2026-01-05T18:22:37","slug":"boletin-2031-fiscalia-de-oaxaca-logra-vinculacion-a-proceso-contra-imputado-por-maltrato-animal-y-lesiones-calificadas-en-san-francisco-lachigolo","status":"publish","type":"noticias","link":"https:\/\/portal.fgeo.gob.mx\/index.php\/archivos\/noticias\/boletin-2031-fiscalia-de-oaxaca-logra-vinculacion-a-proceso-contra-imputado-por-maltrato-animal-y-lesiones-calificadas-en-san-francisco-lachigolo","title":{"rendered":"BOLET\u00cdN 2,031.- Fiscal\u00eda de Oaxaca logra vinculaci\u00f3n a proceso contra imputado por Maltrato Animal y Lesiones Calificadas en San Francisco Lachigol\u00f3"},"content":{"rendered":"\n<p><strong>Oaxaca de Ju\u00e1rez a 17 de diciembre de 2025.-<\/strong> La Fiscal\u00eda General del Estado de Oaxaca (FGEO) obtuvo auto de vinculaci\u00f3n a proceso y prisi\u00f3n preventiva en contra de M.A.G.B., imputado por los delitos de crueldad animal y lesiones calificadas, derivado de una intervenci\u00f3n realizada en el municipio de San Francisco Lachigol\u00f3. El detenido, originario de la Ciudad de M\u00e9xico, qued\u00f3 internado en el centro penitenciario de San Francisco Tanivet.<\/p>\n\n\n\n<p>La acci\u00f3n institucional se llev\u00f3 a cabo tras atender una denuncia p\u00fablica presentada por activistas y la sociedad civil.<\/p>\n\n\n\n<p>La Fiscal\u00eda de Oaxaca, a trav\u00e9s de la Unidad de Rescate Animal de la Vicefiscal\u00eda Regional de Valles Centrales, despleg\u00f3 un equipo a un domicilio en San Francisco Lachigol\u00f3.<\/p>\n\n\n\n<p>En el inmueble, las autoridades aseguraron 65 perros que quedaron bajo resguardo oficial, adem\u00e1s que se trabaja junto con asociaciones civiles para garantizar las mejores condiciones para los animales.<\/p>\n\n\n\n<p>La persona detenida, M.A.G.B., rentaba el lugar y fue puesto a disposici\u00f3n del Ministerio P\u00fablico, inici\u00e1ndose la carpeta de investigaci\u00f3n 32163\/FVCE\/TLACOLULA\/2025.<\/p>\n\n\n\n<p>Derivado de las investigaciones ministeriales, la Fiscal\u00eda de Oaxaca aport\u00f3 las pruebas suficientes en las que se bas\u00f3 el Juez de control para dictar auto de vinculaci\u00f3n a proceso contra el imputado por los delitos de maltrato animal y lesiones calificadas e impuso prisi\u00f3n preventiva, adem\u00e1s que concedi\u00f3 dos meses para el cierre de la investigaci\u00f3n complementaria.<\/p>\n\n\n\n<p>La Fiscal\u00eda de Oaxaca reitera su compromiso con el bienestar animal, utilizando sus unidades especializadas para realizar acciones inmediatas de protecci\u00f3n, asegurando que los delitos contra animales vertebrados sean debidamente investigados y sancionados.<\/p>\n\n\n\n<figure class=\"wp-block-image size-large\"><img fetchpriority=\"high\" decoding=\"async\" width=\"1024\" height=\"965\" src=\"https:\/\/portal.fgeo.gob.mx\/minio\/pagina\/wp-content\/uploads\/2025\/12\/WhatsApp-Image-2025-12-14-at-6.40.17-PM-1024x965.jpeg\" alt=\"\" class=\"wp-image-20118\" srcset=\"https:\/\/portal.fgeo.gob.mx\/minio\/pagina\/wp-content\/uploads\/2025\/12\/WhatsApp-Image-2025-12-14-at-6.40.17-PM-1024x965.jpeg 1024w, https:\/\/portal.fgeo.gob.mx\/minio\/pagina\/wp-content\/uploads\/2025\/12\/WhatsApp-Image-2025-12-14-at-6.40.17-PM-300x283.jpeg 300w, https:\/\/portal.fgeo.gob.mx\/minio\/pagina\/wp-content\/uploads\/2025\/12\/WhatsApp-Image-2025-12-14-at-6.40.17-PM-768x723.jpeg 768w, https:\/\/portal.fgeo.gob.mx\/minio\/pagina\/wp-content\/uploads\/2025\/12\/WhatsApp-Image-2025-12-14-at-6.40.17-PM.jpeg 1171w\" sizes=\"(max-width: 1024px) 100vw, 1024px\" \/><\/figure>\n","protected":false},"author":2,"featured_media":0,"comment_status":"closed","ping_status":"closed","template":"","tags":[],"categoria_noticias":[],"class_list":["post-20117","noticias","type-noticias","status-publish","hentry"],"acf":[],"mb":[],"mfb_rest_fields":["title","gutenberg_elementor_mode"],"_links":{"self":[{"href":"https:\/\/portal.fgeo.gob.mx\/index.php\/wp-json\/wp\/v2\/noticias\/20117","targetHints":{"allow":["GET"]}}],"collection":[{"href":"https:\/\/portal.fgeo.gob.mx\/index.php\/wp-json\/wp\/v2\/noticias"}],"about":[{"href":"https:\/\/portal.fgeo.gob.mx\/index.php\/wp-json\/wp\/v2\/types\/noticias"}],"author":[{"embeddable":true,"href":"https:\/\/portal.fgeo.gob.mx\/index.php\/wp-json\/wp\/v2\/users\/2"}],"replies":[{"embeddable":true,"href":"https:\/\/portal.fgeo.gob.mx\/index.php\/wp-json\/wp\/v2\/comments?post=20117"}],"wp:attachment":[{"href":"https:\/\/portal.fgeo.gob.mx\/index.php\/wp-json\/wp\/v2\/media?parent=20117"}],"wp:term":[{"taxonomy":"post_tag","embeddable":true,"href":"https:\/\/portal.fgeo.gob.mx\/index.php\/wp-json\/wp\/v2\/tags?post=20117"},{"taxonomy":"categoria_noticias","embeddable":true,"href":"https:\/\/portal.fgeo.gob.mx\/index.php\/wp-json\/wp\/v2\/categoria_noticias?post=20117"}],"curies":[{"name":"wp","href":"https:\/\/api.w.org\/{rel}","templated":true}]}}