{"id":20115,"date":"2025-12-16T17:00:05","date_gmt":"2025-12-16T23:00:05","guid":{"rendered":"https:\/\/portal.fgeo.gob.mx\/?post_type=noticias&#038;p=20115"},"modified":"2025-12-16T17:00:05","modified_gmt":"2025-12-16T23:00:05","slug":"boletin-2030-fiscalia-de-oaxaca-obtiene-vinculacion-a-proceso-y-prision-contra-imputado-por-homicidio-cometido-en-el-distrito-mixe","status":"publish","type":"noticias","link":"https:\/\/portal.fgeo.gob.mx\/index.php\/archivos\/noticias\/boletin-2030-fiscalia-de-oaxaca-obtiene-vinculacion-a-proceso-y-prision-contra-imputado-por-homicidio-cometido-en-el-distrito-mixe","title":{"rendered":"BOLET\u00cdN 2,030.- Fiscal\u00eda de Oaxaca obtiene vinculaci\u00f3n a proceso y prisi\u00f3n contra imputado por homicidio cometido en el distrito Mixe"},"content":{"rendered":"\n<p><strong>Oaxaca de Ju\u00e1rez a 16 de diciembre de 2025.-<\/strong> Derivado del trabajo ministerial que realiza la Fiscal\u00eda General del Estado de Oaxaca (FGEO) se obtuvo auto de vinculaci\u00f3n a proceso y prisi\u00f3n preventiva en contra de una persona del sexo masculino identificado como R.J.D., imputado por el delito de homicidio calificado con ventaja cometido en el distrito Mixe.<\/p>\n\n\n\n<p>De acuerdo con el expediente penal del caso, los hechos ocurrieron el 23 de noviembre de 2025 en la agencia de Tierra Blanca de Tamazul\u00e1pam del Esp\u00edritu Santo, lugar donde atacaron a la v\u00edctima con un cuchillo, ocasion\u00e1ndole heridas en el brazo izquierdo y la espalda, lesiones que resultaron mortales.<\/p>\n\n\n\n<p>Luego de que la FGEO tom\u00f3 conocimiento del caso, despleg\u00f3 a un equipo multidisciplinario de la Vicefiscal\u00eda General de Control Regional para realizar las diligencias y perfilar las l\u00edneas de investigaci\u00f3n, las cuales permitieron obtener la orden de aprehensi\u00f3n y posterior detenci\u00f3n de R.J.D., quien qued\u00f3 a disposici\u00f3n de la autoridad correspondiente.<\/p>\n\n\n\n<p>En audiencia, luego de evaluar las pruebas presentadas por la FGEO, el Juez de la causa determin\u00f3 vincular a proceso al imputado por el delito de homicidio calificado con ventaja, adem\u00e1s de imponer la medida cautelar de prisi\u00f3n preventiva y otorgar tres meses para el cierre de la investigaci\u00f3n complementaria.<\/p>\n\n\n\n<p>La Fiscal\u00eda de Oaxaca tiene el compromiso de realizar trabajos ministeriales minuciosos y con estricto apego a la ley para que las v\u00edctimas directas e indirectas tengan pleno acceso a la justicia.<\/p>\n\n\n\n<figure class=\"wp-block-image size-full\"><img fetchpriority=\"high\" decoding=\"async\" width=\"473\" height=\"400\" src=\"https:\/\/portal.fgeo.gob.mx\/minio\/pagina\/wp-content\/uploads\/2025\/12\/Diseno-sin-titulo-1765926003.jpg\" alt=\"\" class=\"wp-image-20116\" srcset=\"https:\/\/portal.fgeo.gob.mx\/minio\/pagina\/wp-content\/uploads\/2025\/12\/Diseno-sin-titulo-1765926003.jpg 473w, https:\/\/portal.fgeo.gob.mx\/minio\/pagina\/wp-content\/uploads\/2025\/12\/Diseno-sin-titulo-1765926003-300x254.jpg 300w\" sizes=\"(max-width: 473px) 100vw, 473px\" \/><\/figure>\n","protected":false},"author":2,"featured_media":0,"comment_status":"closed","ping_status":"closed","template":"","tags":[],"categoria_noticias":[],"class_list":["post-20115","noticias","type-noticias","status-publish","hentry"],"acf":[],"mb":[],"mfb_rest_fields":["title","gutenberg_elementor_mode"],"_links":{"self":[{"href":"https:\/\/portal.fgeo.gob.mx\/index.php\/wp-json\/wp\/v2\/noticias\/20115","targetHints":{"allow":["GET"]}}],"collection":[{"href":"https:\/\/portal.fgeo.gob.mx\/index.php\/wp-json\/wp\/v2\/noticias"}],"about":[{"href":"https:\/\/portal.fgeo.gob.mx\/index.php\/wp-json\/wp\/v2\/types\/noticias"}],"author":[{"embeddable":true,"href":"https:\/\/portal.fgeo.gob.mx\/index.php\/wp-json\/wp\/v2\/users\/2"}],"replies":[{"embeddable":true,"href":"https:\/\/portal.fgeo.gob.mx\/index.php\/wp-json\/wp\/v2\/comments?post=20115"}],"wp:attachment":[{"href":"https:\/\/portal.fgeo.gob.mx\/index.php\/wp-json\/wp\/v2\/media?parent=20115"}],"wp:term":[{"taxonomy":"post_tag","embeddable":true,"href":"https:\/\/portal.fgeo.gob.mx\/index.php\/wp-json\/wp\/v2\/tags?post=20115"},{"taxonomy":"categoria_noticias","embeddable":true,"href":"https:\/\/portal.fgeo.gob.mx\/index.php\/wp-json\/wp\/v2\/categoria_noticias?post=20115"}],"curies":[{"name":"wp","href":"https:\/\/api.w.org\/{rel}","templated":true}]}}