{"id":20104,"date":"2025-12-15T16:45:39","date_gmt":"2025-12-15T22:45:39","guid":{"rendered":"https:\/\/portal.fgeo.gob.mx\/?post_type=noticias&#038;p=20104"},"modified":"2025-12-16T10:17:42","modified_gmt":"2025-12-16T16:17:42","slug":"consigue-fiscalia-de-oaxaca-sentencia-condenatoria-de-32-anos-por-equiparado-a-violacion-en-agravio-de-una-nina","status":"publish","type":"noticias","link":"https:\/\/portal.fgeo.gob.mx\/index.php\/archivos\/noticias\/consigue-fiscalia-de-oaxaca-sentencia-condenatoria-de-32-anos-por-equiparado-a-violacion-en-agravio-de-una-nina","title":{"rendered":"BOLET\u00cdN 2,026.- Consigue Fiscal\u00eda de Oaxaca sentencia condenatoria de 32 a\u00f1os por equiparado a violaci\u00f3n en agravio de una ni\u00f1a"},"content":{"rendered":"\n<p><strong>Oaxaca de Ju\u00e1rez a 15 de diciembre de 2025.-<\/strong> Como parte de la estrategia de combate a los delitos cometidos en contra de ni\u00f1as, ni\u00f1os, adolescentes y mujeres, la Fiscal\u00eda General del Estado de Oaxaca (FGEO) obtuvo una sentencia condenatoria de 32 a\u00f1os y 10 meses de prisi\u00f3n en contra de una persona del sexo masculino identificada como Fernando Z.M., por su responsabilidad en la comisi\u00f3n del delito de equiparado a la violaci\u00f3n agravada en perjuicio de una ni\u00f1a de seis de edad, hechos cometidos en la regi\u00f3n de la Sierra de Ju\u00e1rez.<\/p>\n\n\n\n<p>De acuerdo con el expediente penal del caso, los hechos ocurrieron el 4 de octubre de 2022, en la comunidad de San Francisco Cajonos, Villa Alta, donde el responsable condujo por la fuerza a la v\u00edctima hacia un camino de terracer\u00eda ubicado en jurisdicci\u00f3n del barrio del Calvario, donde la agredi\u00f3 f\u00edsicamente y perpetr\u00f3 la agresi\u00f3n sexual.<\/p>\n\n\n\n<p>Al d\u00eda siguiente, la menor fue valorada por especialistas, quienes confirmaron lesiones f\u00edsicas recientes.<\/p>\n\n\n\n<p>Ante estos hechos, la FGEO -a trav\u00e9s de la Vicefiscal\u00eda de Control Regional- llev\u00f3 a cabo las diligencias correspondientes y con perspectiva de infancia, las cuales permitieron la identificaci\u00f3n, aprehensi\u00f3n y presentaci\u00f3n del imputado ante el \u00f3rgano jurisdiccional.<\/p>\n\n\n\n<p>Gracias a los resultados aportados por la FGEO derivado del trabajo multidisciplinario, la autoridad judicial tuvo los elementos suficientes para dictar sentencia condenatoria de 32 a\u00f1os y 10 meses de prisi\u00f3n en contra de Fernando Z.M., por su responsabilidad en el delito de equiparado a la violaci\u00f3n agravada, adem\u00e1s de imponerle el pago de una multa econ\u00f3mica y reparaci\u00f3n del da\u00f1o.<\/p>\n\n\n\n<p>La Fiscal\u00eda General del Estado de Oaxaca tiene entre sus ejes rectores garantizar una vida libre de violencia para ni\u00f1as, ni\u00f1os y adolescentes, a trav\u00e9s de los mecanismos de procuraci\u00f3n de justicia que est\u00e1n a cargo de \u00e1reas especializadas y bien capacitadas para este tipo de labores.<\/p>\n\n\n\n<figure class=\"wp-block-image size-full\"><img fetchpriority=\"high\" decoding=\"async\" width=\"609\" height=\"806\" src=\"https:\/\/portal.fgeo.gob.mx\/minio\/pagina\/wp-content\/uploads\/2025\/12\/Diseno-sin-titulo-1765838735.jpg\" alt=\"\" class=\"wp-image-20105\" srcset=\"https:\/\/portal.fgeo.gob.mx\/minio\/pagina\/wp-content\/uploads\/2025\/12\/Diseno-sin-titulo-1765838735.jpg 609w, https:\/\/portal.fgeo.gob.mx\/minio\/pagina\/wp-content\/uploads\/2025\/12\/Diseno-sin-titulo-1765838735-227x300.jpg 227w\" sizes=\"(max-width: 609px) 100vw, 609px\" \/><\/figure>\n","protected":false},"author":2,"featured_media":0,"comment_status":"closed","ping_status":"closed","template":"","tags":[],"categoria_noticias":[],"class_list":["post-20104","noticias","type-noticias","status-publish","hentry"],"acf":[],"mb":[],"mfb_rest_fields":["title","gutenberg_elementor_mode"],"_links":{"self":[{"href":"https:\/\/portal.fgeo.gob.mx\/index.php\/wp-json\/wp\/v2\/noticias\/20104","targetHints":{"allow":["GET"]}}],"collection":[{"href":"https:\/\/portal.fgeo.gob.mx\/index.php\/wp-json\/wp\/v2\/noticias"}],"about":[{"href":"https:\/\/portal.fgeo.gob.mx\/index.php\/wp-json\/wp\/v2\/types\/noticias"}],"author":[{"embeddable":true,"href":"https:\/\/portal.fgeo.gob.mx\/index.php\/wp-json\/wp\/v2\/users\/2"}],"replies":[{"embeddable":true,"href":"https:\/\/portal.fgeo.gob.mx\/index.php\/wp-json\/wp\/v2\/comments?post=20104"}],"wp:attachment":[{"href":"https:\/\/portal.fgeo.gob.mx\/index.php\/wp-json\/wp\/v2\/media?parent=20104"}],"wp:term":[{"taxonomy":"post_tag","embeddable":true,"href":"https:\/\/portal.fgeo.gob.mx\/index.php\/wp-json\/wp\/v2\/tags?post=20104"},{"taxonomy":"categoria_noticias","embeddable":true,"href":"https:\/\/portal.fgeo.gob.mx\/index.php\/wp-json\/wp\/v2\/categoria_noticias?post=20104"}],"curies":[{"name":"wp","href":"https:\/\/api.w.org\/{rel}","templated":true}]}}