{"id":20086,"date":"2025-12-15T09:36:15","date_gmt":"2025-12-15T15:36:15","guid":{"rendered":"https:\/\/portal.fgeo.gob.mx\/?post_type=noticias&#038;p=20086"},"modified":"2025-12-15T09:36:15","modified_gmt":"2025-12-15T15:36:15","slug":"boletin-2024-fiscalia-de-oaxaca-obtiene-vinculacion-a-proceso-contra-imputado-por-tentativa-de-homicidio-tras-rociar-gasolina-y-prenderle-fuego-a-la-victima","status":"publish","type":"noticias","link":"https:\/\/portal.fgeo.gob.mx\/index.php\/archivos\/noticias\/boletin-2024-fiscalia-de-oaxaca-obtiene-vinculacion-a-proceso-contra-imputado-por-tentativa-de-homicidio-tras-rociar-gasolina-y-prenderle-fuego-a-la-victima","title":{"rendered":"BOLET\u00cdN 2,024.- Fiscal\u00eda de Oaxaca obtiene vinculaci\u00f3n a proceso contra imputado por tentativa de homicidio tras rociar gasolina y prenderle fuego a la v\u00edctima"},"content":{"rendered":"\n<p><strong>Oaxaca de Ju\u00e1rez a 15 de diciembre de 2025.-<\/strong>Las investigaciones ministeriales a cargo de la Fiscal\u00eda General del Estado de Oaxaca (FGEO) permitieron obtener la vinculaci\u00f3n a proceso contra una persona del sexo masculino identificado como P.E.G.V., por el delito de homicidio calificado en grado de tentativa, ocurrido en la ciudad de Oaxaca de Ju\u00e1rez, en la regi\u00f3n de los Valles Centrales.<\/p>\n\n\n\n<p>De acuerdo con el expediente penal, los hechos sucedieron el 15 de enero de 2025, cuando la v\u00edctima, identificada como I.E.R.G., caminaba sobre la calle Siete Regiones, en la Agencia de Donaj\u00ed de la capital, momento en que fue interceptado por un grupo de personas que lo agredieron f\u00edsicamente con tubos y palos.<\/p>\n\n\n\n<p>La investigaci\u00f3n ministerial detalla que, en el lugar los agresores rociaron gasolina a la v\u00edctima y le prendieron fuego, provoc\u00e1ndole lesiones graves que pusieron en riesgo su vida.<\/p>\n\n\n\n<p>Luego de tomar conocimiento del caso, la FGEO, a trav\u00e9s de la Agencia Estatal de Investigaciones (AEI) adscritos a la Vicefiscal\u00eda de Valles Centrales, inici\u00f3 una investigaci\u00f3n exhaustiva que permiti\u00f3 obtener una orden de aprehensi\u00f3n contra P.E.G.V.<\/p>\n\n\n\n<p>Tras su detenci\u00f3n, el imputado fue puesto a disposici\u00f3n de la autoridad judicial correspondiente.<\/p>\n\n\n\n<p>Despu\u00e9s de analizar los datos de prueba presentados por la Fiscal\u00eda de Oaxaca, el Juez de Control determin\u00f3 vincular a proceso a P.E.G.V., por el delito de homicidio calificado en grado de tentativa, imponi\u00e9ndole la medida cautelar de prisi\u00f3n preventiva y otorgar un plazo de tres meses para el cierre de la investigaci\u00f3n complementaria.<\/p>\n\n\n\n<p>La Fiscal\u00eda General del Estado de Oaxaca reafirma su compromiso con la procuraci\u00f3n de justicia mediante investigaciones s\u00f3lidas que permitan esclarecer los hechos y aplicar la ley a quienes resulten responsables.<\/p>\n\n\n\n<figure class=\"wp-block-image size-full\"><img fetchpriority=\"high\" decoding=\"async\" width=\"478\" height=\"357\" src=\"https:\/\/portal.fgeo.gob.mx\/minio\/pagina\/wp-content\/uploads\/2025\/12\/Diseno-sin-titulo-1765812970.jpg\" alt=\"\" class=\"wp-image-20087\" srcset=\"https:\/\/portal.fgeo.gob.mx\/minio\/pagina\/wp-content\/uploads\/2025\/12\/Diseno-sin-titulo-1765812970.jpg 478w, https:\/\/portal.fgeo.gob.mx\/minio\/pagina\/wp-content\/uploads\/2025\/12\/Diseno-sin-titulo-1765812970-300x224.jpg 300w\" sizes=\"(max-width: 478px) 100vw, 478px\" \/><\/figure>\n","protected":false},"author":2,"featured_media":0,"comment_status":"closed","ping_status":"closed","template":"","tags":[],"categoria_noticias":[],"class_list":["post-20086","noticias","type-noticias","status-publish","hentry"],"acf":[],"mb":[],"mfb_rest_fields":["title","gutenberg_elementor_mode"],"_links":{"self":[{"href":"https:\/\/portal.fgeo.gob.mx\/index.php\/wp-json\/wp\/v2\/noticias\/20086","targetHints":{"allow":["GET"]}}],"collection":[{"href":"https:\/\/portal.fgeo.gob.mx\/index.php\/wp-json\/wp\/v2\/noticias"}],"about":[{"href":"https:\/\/portal.fgeo.gob.mx\/index.php\/wp-json\/wp\/v2\/types\/noticias"}],"author":[{"embeddable":true,"href":"https:\/\/portal.fgeo.gob.mx\/index.php\/wp-json\/wp\/v2\/users\/2"}],"replies":[{"embeddable":true,"href":"https:\/\/portal.fgeo.gob.mx\/index.php\/wp-json\/wp\/v2\/comments?post=20086"}],"wp:attachment":[{"href":"https:\/\/portal.fgeo.gob.mx\/index.php\/wp-json\/wp\/v2\/media?parent=20086"}],"wp:term":[{"taxonomy":"post_tag","embeddable":true,"href":"https:\/\/portal.fgeo.gob.mx\/index.php\/wp-json\/wp\/v2\/tags?post=20086"},{"taxonomy":"categoria_noticias","embeddable":true,"href":"https:\/\/portal.fgeo.gob.mx\/index.php\/wp-json\/wp\/v2\/categoria_noticias?post=20086"}],"curies":[{"name":"wp","href":"https:\/\/api.w.org\/{rel}","templated":true}]}}