{"id":20058,"date":"2025-12-12T12:00:00","date_gmt":"2025-12-12T18:00:00","guid":{"rendered":"https:\/\/portal.fgeo.gob.mx\/?post_type=noticias&#038;p=20058"},"modified":"2025-12-22T09:44:43","modified_gmt":"2025-12-22T15:44:43","slug":"boletin-2018-fiscalia-de-oaxaca-obtiene-vinculacion-a-proceso-contra-cuatro-personas-detenidas-durante-cateo-en-punto-de-narcomenudeo-en-miahuatlan-de-porfirio-diaz","status":"publish","type":"noticias","link":"https:\/\/portal.fgeo.gob.mx\/index.php\/archivos\/noticias\/boletin-2018-fiscalia-de-oaxaca-obtiene-vinculacion-a-proceso-contra-cuatro-personas-detenidas-durante-cateo-en-punto-de-narcomenudeo-en-miahuatlan-de-porfirio-diaz","title":{"rendered":"BOLET\u00cdN 2,018.- Fiscal\u00eda de Oaxaca obtiene vinculaci\u00f3n a proceso contra cuatro personas detenidas durante cateo en punto de narcomenudeo en Miahuatl\u00e1n de Porfirio D\u00edaz"},"content":{"rendered":"\n<p><strong>Oaxaca de Ju\u00e1rez a 12 de diciembre de 2025.-<\/strong>Como resultado de las labores de investigaci\u00f3n ministerial para combatir el narcomenudeo, la Fiscal\u00eda General del Estado de Oaxaca (FGEO) obtuvo auto de vinculaci\u00f3n a proceso contra cuatro personas -una mujer identificada como M.M.C. y tres hombres identificados como A.R.R., I.I.R.O. y E.M.G.- por el delito contra la salud en su modalidad de narcomenudeo en su hip\u00f3tesis de comercio, luego de realizar un cateo en un punto de venta en la Sierra Sur.<\/p>\n\n\n\n<p>De acuerdo con el expediente penal, los imputados fueron detenidos durante un cateo ejecutado de manera coordinada por la Vicefiscal\u00eda de Valles Centrales y la Agencia Estatal de Investigaciones (AEI) en un domicilio identificado como centro de operaciones de una c\u00e9lula dedicada al narcomenudeo, ubicado en la calle Segunda de Carmela, Barrio Arriba, en Miahuatl\u00e1n de Porfirio D\u00edaz.<\/p>\n\n\n\n<p>En el lugar, los agentes aseguraron diversas dosis de cristal y marihuana, adem\u00e1s de cartuchos \u00fatiles, una motocicleta desmantelada y piezas de identificaci\u00f3n vehicular (placas VIN) pertenecientes a motocicletas.<\/p>\n\n\n\n<p>Tras la intervenci\u00f3n, las personas detenidas y los objetos asegurados fueron puestos a disposici\u00f3n de la autoridad competente para determinar su situaci\u00f3n jur\u00eddica.<\/p>\n\n\n\n<p>Durante la audiencia, y con base en las pruebas presentadas por la FGEO, el Juez de Control dict\u00f3 auto de vinculaci\u00f3n a proceso contra los cuatro imputados e impuso la medida cautelar de prisi\u00f3n preventiva justificada.<\/p>\n\n\n\n<p>La Fiscal\u00eda General del Estado de Oaxaca reitera que el combate a la venta y distribuci\u00f3n de drogas es una de las acciones prioritarias dentro de su estrategia integral de seguridad y procuraci\u00f3n de justicia en la entidad.<\/p>\n\n\n\n<figure class=\"wp-block-image size-full\"><img fetchpriority=\"high\" decoding=\"async\" width=\"890\" height=\"518\" src=\"https:\/\/portal.fgeo.gob.mx\/minio\/pagina\/wp-content\/uploads\/2025\/12\/WhatsApp-Image-2025-12-05-at-10.12.24-AM.jpeg\" alt=\"\" class=\"wp-image-20059\" srcset=\"https:\/\/portal.fgeo.gob.mx\/minio\/pagina\/wp-content\/uploads\/2025\/12\/WhatsApp-Image-2025-12-05-at-10.12.24-AM.jpeg 890w, https:\/\/portal.fgeo.gob.mx\/minio\/pagina\/wp-content\/uploads\/2025\/12\/WhatsApp-Image-2025-12-05-at-10.12.24-AM-300x175.jpeg 300w, https:\/\/portal.fgeo.gob.mx\/minio\/pagina\/wp-content\/uploads\/2025\/12\/WhatsApp-Image-2025-12-05-at-10.12.24-AM-768x447.jpeg 768w\" sizes=\"(max-width: 890px) 100vw, 890px\" \/><\/figure>\n","protected":false},"author":2,"featured_media":0,"comment_status":"closed","ping_status":"closed","template":"","tags":[],"categoria_noticias":[],"class_list":["post-20058","noticias","type-noticias","status-publish","hentry"],"acf":[],"mb":[],"mfb_rest_fields":["title","gutenberg_elementor_mode"],"_links":{"self":[{"href":"https:\/\/portal.fgeo.gob.mx\/index.php\/wp-json\/wp\/v2\/noticias\/20058","targetHints":{"allow":["GET"]}}],"collection":[{"href":"https:\/\/portal.fgeo.gob.mx\/index.php\/wp-json\/wp\/v2\/noticias"}],"about":[{"href":"https:\/\/portal.fgeo.gob.mx\/index.php\/wp-json\/wp\/v2\/types\/noticias"}],"author":[{"embeddable":true,"href":"https:\/\/portal.fgeo.gob.mx\/index.php\/wp-json\/wp\/v2\/users\/2"}],"replies":[{"embeddable":true,"href":"https:\/\/portal.fgeo.gob.mx\/index.php\/wp-json\/wp\/v2\/comments?post=20058"}],"wp:attachment":[{"href":"https:\/\/portal.fgeo.gob.mx\/index.php\/wp-json\/wp\/v2\/media?parent=20058"}],"wp:term":[{"taxonomy":"post_tag","embeddable":true,"href":"https:\/\/portal.fgeo.gob.mx\/index.php\/wp-json\/wp\/v2\/tags?post=20058"},{"taxonomy":"categoria_noticias","embeddable":true,"href":"https:\/\/portal.fgeo.gob.mx\/index.php\/wp-json\/wp\/v2\/categoria_noticias?post=20058"}],"curies":[{"name":"wp","href":"https:\/\/api.w.org\/{rel}","templated":true}]}}