{"id":20055,"date":"2025-12-12T09:30:00","date_gmt":"2025-12-12T15:30:00","guid":{"rendered":"https:\/\/portal.fgeo.gob.mx\/?post_type=noticias&#038;p=20055"},"modified":"2025-12-12T11:08:12","modified_gmt":"2025-12-12T17:08:12","slug":"boletin-2017-logra-fiscalia-de-oaxaca-sentencia-de-210-anos-de-prision-contra-responsables-que-se-hicieron-pasar-por-policias-federales-para-cometer-un-secuestro-en-los-valles-centrales","status":"publish","type":"noticias","link":"https:\/\/portal.fgeo.gob.mx\/index.php\/archivos\/noticias\/boletin-2017-logra-fiscalia-de-oaxaca-sentencia-de-210-anos-de-prision-contra-responsables-que-se-hicieron-pasar-por-policias-federales-para-cometer-un-secuestro-en-los-valles-centrales","title":{"rendered":"BOLET\u00cdN 2,017.- Logra Fiscal\u00eda de Oaxaca sentencia de 210 a\u00f1os de prisi\u00f3n contra responsables que se hicieron pasar por Polic\u00edas Federales para cometer un secuestro en los Valles Centrales"},"content":{"rendered":"\n<p>Oaxaca de Ju\u00e1rez, Oax., a 12 de diciembre de 2025.- La Fiscal\u00eda General del Estado de Oaxaca (FGEO) obtuvo diversas sentencias condenatorias que suman 210 a\u00f1os de prisi\u00f3n en contra de tres personas del sexo masculino identificadas como Carlos E.F.S., Juan M.M.A., y Jos\u00e9 L.L.R., por su responsabilidad en la comisi\u00f3n del delito de secuestro agravado cometido en agravio de R.N.S., ocurrido en la regi\u00f3n de los Valles Centrales.<\/p>\n\n\n\n<p>De acuerdo con el expediente penal, los hechos sucedieron el 06 de octubre de 2008, cuando la v\u00edctima -un hombre de iniciales R.N.S.-, al llegar a su domicilio ubicado en calles de Santa Rosa de la ciudad de Oaxaca, fue interceptado por un grupo de hombres armados que se trasladaba en una camioneta tipo Pontiac blanca, vestidos con uniformes ap\u00f3crifos de la extinta Polic\u00eda Federal Preventiva (PFP).<\/p>\n\n\n\n<p>La v\u00edctima fue subida a la fuerza a la unidad de motor y los responsables le advert\u00edan que la acci\u00f3n se deb\u00eda a la falta de pago de una &#8220;cuota&#8221;. Mientras era trasladado a otro sitio, los imputados empezaron a hacer contacto con los familiares para solicitar el pago de un rescate.<\/p>\n\n\n\n<p>Durante su cautiverio, la v\u00edctima fue trasladada a diferentes &#8220;casas de seguridad&#8221;, una de ellas llamada &#8220;la casa de la palapa&#8221; ubicada en San Jacinto Amilpas, municipio conurbado a la ciudad de Oaxaca donde lo mantuvieron vendado de los ojos y amarrado con una cadena.<\/p>\n\n\n\n<p>Los secuestradores, identificados con los alias de &#8220;El Jefe&#8221;, &#8220;El Kiko&#8221;, o &#8220;El Comandante&#8221;, &#8220;Fercho&#8221; y &#8220;El Bagre&#8221;, ejercieron violencia f\u00edsica contra \u00e9l, d\u00e1ndole golpes con una tabla en el cuerpo, someti\u00e9ndolo a interrogatorios sobre propiedades y dinero.<\/p>\n\n\n\n<p>El expediente detalla que los captores, una vez que contactaron a la familia, exigieron un rescate de dos millones de pesos para la liberaci\u00f3n. Posteriormente, la v\u00edctima fue liberada, siendo abandonada en la cajuela de un veh\u00edculo Volkswagen donde fue rescatada.<\/p>\n\n\n\n<p>Ante estos hechos, la Fiscal\u00eda General del Estado de Oaxaca, a trav\u00e9s de la&nbsp; Vicefiscal\u00eda General de Control Regional, realiz\u00f3 las investigaciones correspondientes que permitieron obtener los indicios necesarios para aprender y presentar ante el Juez a los tres imputados.<\/p>\n\n\n\n<p>Tras valorar los datos de prueba presentados por la FGEO, el Juez que atiende la causa dict\u00f3 una sentencia condenatoria en contra de Carlos E.F.S., Juan M.M.A., y Jos\u00e9 L.L.R., a quienes dict\u00f3 una pena de 70 a\u00f1os de prisi\u00f3n contra cada uno de ellos por su responsabilidad en la comisi\u00f3n del delito de secuestro agravado, adem\u00e1s de imponer un pago por concepto de reparaci\u00f3n del da\u00f1o material y moral integral a favor del ofendido.<\/p>\n\n\n\n<p>Es importante mencionar que por estos hechos hay otra persona procesada identificada como J.A.C.T., su caso se encuentra bajo amparo en lo que se contin\u00faa en la siguiente etapa para resolver su situaci\u00f3n jur\u00eddica.<\/p>\n\n\n\n<p>La Fiscal\u00eda General de Oaxaca refrenda su compromiso de seguir trabajando para brindar atenci\u00f3n a los casos de delitos de alto impacto y as\u00ed, garantizar a las v\u00edctimas directas e indirectas un adecuado acceso a los procesos de procuraci\u00f3n de justicia.<\/p>\n\n\n\n<figure class=\"wp-block-image size-large\"><img fetchpriority=\"high\" decoding=\"async\" width=\"746\" height=\"1024\" src=\"https:\/\/portal.fgeo.gob.mx\/minio\/pagina\/wp-content\/uploads\/2025\/12\/WhatsApp-Image-2025-12-12-at-9.14.26-AM-746x1024.jpeg\" alt=\"\" class=\"wp-image-20056\" srcset=\"https:\/\/portal.fgeo.gob.mx\/minio\/pagina\/wp-content\/uploads\/2025\/12\/WhatsApp-Image-2025-12-12-at-9.14.26-AM-746x1024.jpeg 746w, https:\/\/portal.fgeo.gob.mx\/minio\/pagina\/wp-content\/uploads\/2025\/12\/WhatsApp-Image-2025-12-12-at-9.14.26-AM-218x300.jpeg 218w, https:\/\/portal.fgeo.gob.mx\/minio\/pagina\/wp-content\/uploads\/2025\/12\/WhatsApp-Image-2025-12-12-at-9.14.26-AM.jpeg 766w\" sizes=\"(max-width: 746px) 100vw, 746px\" \/><\/figure>\n\n\n\n<figure class=\"wp-block-image size-full\"><img decoding=\"async\" width=\"710\" height=\"688\" src=\"https:\/\/portal.fgeo.gob.mx\/minio\/pagina\/wp-content\/uploads\/2025\/12\/WhatsApp-Image-2025-12-12-at-9.14.26-AM-1.jpeg\" alt=\"\" class=\"wp-image-20057\" srcset=\"https:\/\/portal.fgeo.gob.mx\/minio\/pagina\/wp-content\/uploads\/2025\/12\/WhatsApp-Image-2025-12-12-at-9.14.26-AM-1.jpeg 710w, https:\/\/portal.fgeo.gob.mx\/minio\/pagina\/wp-content\/uploads\/2025\/12\/WhatsApp-Image-2025-12-12-at-9.14.26-AM-1-300x291.jpeg 300w\" sizes=\"(max-width: 710px) 100vw, 710px\" \/><\/figure>\n","protected":false},"author":2,"featured_media":0,"comment_status":"closed","ping_status":"closed","template":"","tags":[],"categoria_noticias":[],"class_list":["post-20055","noticias","type-noticias","status-publish","hentry"],"acf":[],"mb":[],"mfb_rest_fields":["title","gutenberg_elementor_mode"],"_links":{"self":[{"href":"https:\/\/portal.fgeo.gob.mx\/index.php\/wp-json\/wp\/v2\/noticias\/20055","targetHints":{"allow":["GET"]}}],"collection":[{"href":"https:\/\/portal.fgeo.gob.mx\/index.php\/wp-json\/wp\/v2\/noticias"}],"about":[{"href":"https:\/\/portal.fgeo.gob.mx\/index.php\/wp-json\/wp\/v2\/types\/noticias"}],"author":[{"embeddable":true,"href":"https:\/\/portal.fgeo.gob.mx\/index.php\/wp-json\/wp\/v2\/users\/2"}],"replies":[{"embeddable":true,"href":"https:\/\/portal.fgeo.gob.mx\/index.php\/wp-json\/wp\/v2\/comments?post=20055"}],"wp:attachment":[{"href":"https:\/\/portal.fgeo.gob.mx\/index.php\/wp-json\/wp\/v2\/media?parent=20055"}],"wp:term":[{"taxonomy":"post_tag","embeddable":true,"href":"https:\/\/portal.fgeo.gob.mx\/index.php\/wp-json\/wp\/v2\/tags?post=20055"},{"taxonomy":"categoria_noticias","embeddable":true,"href":"https:\/\/portal.fgeo.gob.mx\/index.php\/wp-json\/wp\/v2\/categoria_noticias?post=20055"}],"curies":[{"name":"wp","href":"https:\/\/api.w.org\/{rel}","templated":true}]}}