{"id":20053,"date":"2025-12-11T19:00:00","date_gmt":"2025-12-12T01:00:00","guid":{"rendered":"https:\/\/portal.fgeo.gob.mx\/?post_type=noticias&#038;p=20053"},"modified":"2025-12-22T09:44:50","modified_gmt":"2025-12-22T15:44:50","slug":"boletin-2016-fiscalia-de-oaxaca-detiene-a-un-hombre-por-homicidio-con-disparos-de-arma-de-fuego-cometido-durante-asalto-en-la-costa-hechos-ocurridos-hace-23-anos","status":"publish","type":"noticias","link":"https:\/\/portal.fgeo.gob.mx\/index.php\/archivos\/noticias\/boletin-2016-fiscalia-de-oaxaca-detiene-a-un-hombre-por-homicidio-con-disparos-de-arma-de-fuego-cometido-durante-asalto-en-la-costa-hechos-ocurridos-hace-23-anos","title":{"rendered":"BOLET\u00cdN 2,016.- Fiscal\u00eda de Oaxaca detiene a un hombre por homicidio con disparos de arma de fuego cometido durante asalto en la Costa, hechos ocurridos hace 23 a\u00f1os"},"content":{"rendered":"\n<p><strong>Oaxaca de Ju\u00e1rez, Oax. 11 de diciembre de 2025.-<\/strong> Las investigaciones ministeriales a cargo de la Fiscal\u00eda General del Estado de Oaxaca (FGEO) hicieron posible la ejecuci\u00f3n de una orden de aprehensi\u00f3n en contra de una persona del sexo masculino identificada como R.R.L. o H.R.L., por el delito de homicidio calificado cometido en la regi\u00f3n de la Costa.<\/p>\n\n\n\n<p>De acuerdo con la carpeta de investigaci\u00f3n, los hechos ocurrieron el 24 de mayo de 2002, fecha en que la v\u00edctima, de iniciales H.S.C., fue interceptado cuando se trasladaba a bordo de su veh\u00edculo particular sobre el camino de terracer\u00eda que conduce al Fraccionamiento Costa Cumana, perteneciente a Santa Mar\u00eda Colotepec.<\/p>\n\n\n\n<p>La investigaci\u00f3n revela que en ese tramo carretero, el agresor, tras despojarlo de dinero en efectivo, le dispar\u00f3 con un arma de fuego infligiendo lesiones que lo privaron de la vida.<\/p>\n\n\n\n<p>Por estos hechos y tras tomar conocimiento del caso, la FGEO -a trav\u00e9s de elementos de la Agencia Estatal de Investigaciones (AEI) adscritos a la Vicefiscal\u00eda Regional de la Costa- iniciaron una investigaci\u00f3n exhaustiva obteniendo una orden de aprehensi\u00f3n en contra de R.R.L. o H.R.L., mandato judicial que se efectu\u00f3 cuando se encontraba en la calle Alfonso P\u00e9rez Gasga de Santa Mar\u00eda Colotepec.<\/p>\n\n\n\n<p>Una vez detenido, R.R.L. o H.R.L., fue puesto a disposici\u00f3n de la autoridad que lo requiri\u00f3 para determinar su situaci\u00f3n jur\u00eddica legal.<\/p>\n\n\n\n<p>La Fiscal\u00eda General garantiza investigaciones exhaustivas para esclarecer delitos, aplicando todo el rigor de la Ley a quien o quienes resulten responsables.<\/p>\n\n\n\n<figure class=\"wp-block-image size-full\"><img fetchpriority=\"high\" decoding=\"async\" width=\"576\" height=\"317\" src=\"https:\/\/portal.fgeo.gob.mx\/minio\/pagina\/wp-content\/uploads\/2025\/12\/Diseno-sin-titulo-1765500409.jpg\" alt=\"\" class=\"wp-image-20054\" srcset=\"https:\/\/portal.fgeo.gob.mx\/minio\/pagina\/wp-content\/uploads\/2025\/12\/Diseno-sin-titulo-1765500409.jpg 576w, https:\/\/portal.fgeo.gob.mx\/minio\/pagina\/wp-content\/uploads\/2025\/12\/Diseno-sin-titulo-1765500409-300x165.jpg 300w\" sizes=\"(max-width: 576px) 100vw, 576px\" \/><figcaption class=\"wp-element-caption\">Dise\u00f1o sin t\u00edtulo &#8211; 1<\/figcaption><\/figure>\n","protected":false},"author":2,"featured_media":0,"comment_status":"closed","ping_status":"closed","template":"","tags":[],"categoria_noticias":[],"class_list":["post-20053","noticias","type-noticias","status-publish","hentry"],"acf":[],"mb":[],"mfb_rest_fields":["title","gutenberg_elementor_mode"],"_links":{"self":[{"href":"https:\/\/portal.fgeo.gob.mx\/index.php\/wp-json\/wp\/v2\/noticias\/20053","targetHints":{"allow":["GET"]}}],"collection":[{"href":"https:\/\/portal.fgeo.gob.mx\/index.php\/wp-json\/wp\/v2\/noticias"}],"about":[{"href":"https:\/\/portal.fgeo.gob.mx\/index.php\/wp-json\/wp\/v2\/types\/noticias"}],"author":[{"embeddable":true,"href":"https:\/\/portal.fgeo.gob.mx\/index.php\/wp-json\/wp\/v2\/users\/2"}],"replies":[{"embeddable":true,"href":"https:\/\/portal.fgeo.gob.mx\/index.php\/wp-json\/wp\/v2\/comments?post=20053"}],"wp:attachment":[{"href":"https:\/\/portal.fgeo.gob.mx\/index.php\/wp-json\/wp\/v2\/media?parent=20053"}],"wp:term":[{"taxonomy":"post_tag","embeddable":true,"href":"https:\/\/portal.fgeo.gob.mx\/index.php\/wp-json\/wp\/v2\/tags?post=20053"},{"taxonomy":"categoria_noticias","embeddable":true,"href":"https:\/\/portal.fgeo.gob.mx\/index.php\/wp-json\/wp\/v2\/categoria_noticias?post=20053"}],"curies":[{"name":"wp","href":"https:\/\/api.w.org\/{rel}","templated":true}]}}