{"id":20015,"date":"2025-12-09T20:04:18","date_gmt":"2025-12-10T02:04:18","guid":{"rendered":"https:\/\/portal.fgeo.gob.mx\/?post_type=noticias&#038;p=20015"},"modified":"2025-12-09T20:04:18","modified_gmt":"2025-12-10T02:04:18","slug":"boletin-2009-fiscalia-de-oaxaca-aprehende-a-profesor-por-pederastia-cometido-contra-alumnas-en-escuela-secundaria-del-istmo-de-tehuantepec","status":"publish","type":"noticias","link":"https:\/\/portal.fgeo.gob.mx\/index.php\/archivos\/noticias\/boletin-2009-fiscalia-de-oaxaca-aprehende-a-profesor-por-pederastia-cometido-contra-alumnas-en-escuela-secundaria-del-istmo-de-tehuantepec","title":{"rendered":"BOLET\u00cdN 2,009.- Fiscal\u00eda de Oaxaca aprehende a profesor por pederastia cometido contra alumnas en Escuela Secundaria del Istmo de Tehuantepec"},"content":{"rendered":"\n<p>Oaxaca de Ju\u00e1rez, Oax. 09 de diciembre de 2025.- Como parte de la estrategia de cero tolerancia a delitos contra las ni\u00f1as, ni\u00f1os y adolescentes, la Fiscal\u00eda General del Estado de Oaxaca (FGEO) ejecut\u00f3 una orden de aprehensi\u00f3n en contra de una persona del sexo masculino identificada como J.M.J.S., profesor de una Escuela Secundaria ubicada en la regi\u00f3n del Istmo, por el delito de pederastia cometida en agravio de dos adolescentes.<\/p>\n\n\n\n<p>De acuerdo con la causa penal, los hechos sucedieron el mes de abril de 2025, cuando las v\u00edctimas (dos alumnas del plantel, cuya identidad est\u00e1 reservada por ley) se encontraban en instalaciones de una escuela secundaria ubicada en el barrio de Santa Cruz Tagolaba perteneciente al municipio de Santo Domingo de Tehuantepec, cuando sufrieron una agresi\u00f3n, conducta que, de acuerdo con el C\u00f3digo Penal Vigente en el Estado de Oaxaca, se configura como delito de pederastia.<\/p>\n\n\n\n<p>Derivado de la denuncia presentada, la Fiscal\u00eda General del Estado de Oaxaca a trav\u00e9s de la Vicefiscal\u00eda Regional del Istmo, inici\u00f3 las investigaciones con perspectiva de infancia, logrando obtener una orden de aprehensi\u00f3n en contra de J.M.J.S.<\/p>\n\n\n\n<p>Una vez localizado, J.M.J.S. fue detenido por elementos de la Agencia Estatal de Investigaciones (AEI) cuando se encontraba sobre la carretera al Ex ingenio de El Espinal en las inmediaciones del Cuartel de la Polic\u00eda Estatal de la citada regi\u00f3n.<\/p>\n\n\n\n<p>Tras su captura, fue presentado ante el Juez que lo requiri\u00f3 para determinar su situaci\u00f3n jur\u00eddica.<\/p>\n\n\n\n<p>La Fiscal\u00eda del Estado de Oaxaca refrenda su compromiso de brindar una atenci\u00f3n integral a las v\u00edctimas, especialmente cuando se trata de delitos cometidos en contra de ni\u00f1as, ni\u00f1os y adolescentes a efecto de garantizar el derecho a tener una vida libre de violencia.<\/p>\n\n\n\n<figure class=\"wp-block-image size-large\"><img fetchpriority=\"high\" decoding=\"async\" width=\"698\" height=\"1024\" src=\"https:\/\/portal.fgeo.gob.mx\/minio\/pagina\/wp-content\/uploads\/2025\/12\/Diseno-sin-titulo-6-698x1024.jpg\" alt=\"\" class=\"wp-image-20016\" srcset=\"https:\/\/portal.fgeo.gob.mx\/minio\/pagina\/wp-content\/uploads\/2025\/12\/Diseno-sin-titulo-6-698x1024.jpg 698w, https:\/\/portal.fgeo.gob.mx\/minio\/pagina\/wp-content\/uploads\/2025\/12\/Diseno-sin-titulo-6-204x300.jpg 204w, https:\/\/portal.fgeo.gob.mx\/minio\/pagina\/wp-content\/uploads\/2025\/12\/Diseno-sin-titulo-6-768x1127.jpg 768w, https:\/\/portal.fgeo.gob.mx\/minio\/pagina\/wp-content\/uploads\/2025\/12\/Diseno-sin-titulo-6-1046x1536.jpg 1046w, https:\/\/portal.fgeo.gob.mx\/minio\/pagina\/wp-content\/uploads\/2025\/12\/Diseno-sin-titulo-6.jpg 1090w\" sizes=\"(max-width: 698px) 100vw, 698px\" \/><\/figure>\n","protected":false},"author":2,"featured_media":0,"comment_status":"closed","ping_status":"closed","template":"","tags":[],"categoria_noticias":[],"class_list":["post-20015","noticias","type-noticias","status-publish","hentry"],"acf":[],"mb":[],"mfb_rest_fields":["title","gutenberg_elementor_mode"],"_links":{"self":[{"href":"https:\/\/portal.fgeo.gob.mx\/index.php\/wp-json\/wp\/v2\/noticias\/20015","targetHints":{"allow":["GET"]}}],"collection":[{"href":"https:\/\/portal.fgeo.gob.mx\/index.php\/wp-json\/wp\/v2\/noticias"}],"about":[{"href":"https:\/\/portal.fgeo.gob.mx\/index.php\/wp-json\/wp\/v2\/types\/noticias"}],"author":[{"embeddable":true,"href":"https:\/\/portal.fgeo.gob.mx\/index.php\/wp-json\/wp\/v2\/users\/2"}],"replies":[{"embeddable":true,"href":"https:\/\/portal.fgeo.gob.mx\/index.php\/wp-json\/wp\/v2\/comments?post=20015"}],"wp:attachment":[{"href":"https:\/\/portal.fgeo.gob.mx\/index.php\/wp-json\/wp\/v2\/media?parent=20015"}],"wp:term":[{"taxonomy":"post_tag","embeddable":true,"href":"https:\/\/portal.fgeo.gob.mx\/index.php\/wp-json\/wp\/v2\/tags?post=20015"},{"taxonomy":"categoria_noticias","embeddable":true,"href":"https:\/\/portal.fgeo.gob.mx\/index.php\/wp-json\/wp\/v2\/categoria_noticias?post=20015"}],"curies":[{"name":"wp","href":"https:\/\/api.w.org\/{rel}","templated":true}]}}