{"id":19975,"date":"2025-12-08T13:14:17","date_gmt":"2025-12-08T19:14:17","guid":{"rendered":"https:\/\/portal.fgeo.gob.mx\/?post_type=noticias&#038;p=19975"},"modified":"2025-12-08T13:14:17","modified_gmt":"2025-12-08T19:14:17","slug":"boletin-2006-fiscalia-de-oaxaca-obtiene-sentencia-de-66-anos-de-prision-contra-responsable-de-feminicidio-cometido-con-arma-de-fuego-dentro-de-un-bar","status":"publish","type":"noticias","link":"https:\/\/portal.fgeo.gob.mx\/index.php\/archivos\/noticias\/boletin-2006-fiscalia-de-oaxaca-obtiene-sentencia-de-66-anos-de-prision-contra-responsable-de-feminicidio-cometido-con-arma-de-fuego-dentro-de-un-bar","title":{"rendered":"BOLET\u00cdN 2,006.- Fiscal\u00eda de Oaxaca obtiene sentencia de 66 a\u00f1os de prisi\u00f3n contra responsable de feminicidio cometido con arma de fuego dentro de un bar"},"content":{"rendered":"\n<p><strong>Fiscal\u00eda de Oaxaca obtiene sentencia de 66 a\u00f1os de prisi\u00f3n contra responsable de feminicidio cometido con arma de fuego dentro de un bar<\/strong><\/p>\n\n\n\n<p>Oaxaca de Ju\u00e1rez a 08 de diciembre de 2025.- Como resultado de investigaciones ministeriales especializadas con perspectiva de g\u00e9nero, la Fiscal\u00eda General del Estado de Oaxaca (FGEO) obtuvo una sentencia condenatoria de 66 a\u00f1os y 6 meses de prisi\u00f3n contra Eber L.L., responsable del delito de feminicidio agravado cometido en agravio de C.C.P., en la regi\u00f3n de la Ca\u00f1ada.<\/p>\n\n\n\n<p>De acuerdo con la causa penal, los hechos ocurrieron el 25 y 26 de noviembre de 2023, cuando la v\u00edctima se encontraba dentro de un bar localizado sobre la carretera federal 135, en el paraje Valencia del municipio de San Juan Bautista Cuicatl\u00e1n.<\/p>\n\n\n\n<p>La investigaci\u00f3n detalla que, el agresor arrib\u00f3 a ese establecimiento y despu\u00e9s de sostener una discusi\u00f3n con la v\u00edctima, le dispar\u00f3 con un arma de fuego, provocando lesiones de gravedad; la mujer perdi\u00f3 la vida mientras recib\u00eda atenci\u00f3n m\u00e9dica.<\/p>\n\n\n\n<p>Tras la denuncia correspondiente, la FGEO inici\u00f3 una investigaci\u00f3n exhaustiva a trav\u00e9s de la Vicefiscal\u00eda de Control Regional, logrando identificar, aprehender y presentar ante el Juez a Eber L.L.<\/p>\n\n\n\n<p>Derivado de los datos de prueba aportados, el Tribunal de Enjuiciamiento dict\u00f3 sentencia condenatoria contra Eber L.L., a quien impuso la pena de 66 a\u00f1os y 6 meses de prisi\u00f3n, por su responsabilidad en el delito de feminicidio agravado, adem\u00e1s de imponer el pago de una multa y el pago por concepto de la reparaci\u00f3n del da\u00f1o.<\/p>\n\n\n\n<p>La Fiscal\u00eda de Oaxaca, a trav\u00e9s de sus \u00e1reas especializadas en delitos cometidos contra mujeres por raz\u00f3n de g\u00e9nero, refuerza su compromiso de brindar atenci\u00f3n integral y acompa\u00f1amiento a v\u00edctimas directas e indirectas, garantizando su derecho de acceso a la justicia.<\/p>\n\n\n\n<figure class=\"wp-block-gallery has-nested-images columns-default is-cropped wp-block-gallery-1 is-layout-flex wp-block-gallery-is-layout-flex\">\n<figure class=\"wp-block-image size-full\"><img fetchpriority=\"high\" decoding=\"async\" width=\"316\" height=\"242\" data-id=\"19976\" src=\"https:\/\/portal.fgeo.gob.mx\/minio\/pagina\/wp-content\/uploads\/2025\/12\/WhatsApp-Image-2025-12-08-at-11.03.58-AM.jpeg\" alt=\"\" class=\"wp-image-19976\" srcset=\"https:\/\/portal.fgeo.gob.mx\/minio\/pagina\/wp-content\/uploads\/2025\/12\/WhatsApp-Image-2025-12-08-at-11.03.58-AM.jpeg 316w, https:\/\/portal.fgeo.gob.mx\/minio\/pagina\/wp-content\/uploads\/2025\/12\/WhatsApp-Image-2025-12-08-at-11.03.58-AM-300x230.jpeg 300w\" sizes=\"(max-width: 316px) 100vw, 316px\" \/><\/figure>\n<\/figure>\n","protected":false},"author":2,"featured_media":0,"comment_status":"closed","ping_status":"closed","template":"","tags":[],"categoria_noticias":[],"class_list":["post-19975","noticias","type-noticias","status-publish","hentry"],"acf":[],"mb":[],"mfb_rest_fields":["title","gutenberg_elementor_mode"],"_links":{"self":[{"href":"https:\/\/portal.fgeo.gob.mx\/index.php\/wp-json\/wp\/v2\/noticias\/19975","targetHints":{"allow":["GET"]}}],"collection":[{"href":"https:\/\/portal.fgeo.gob.mx\/index.php\/wp-json\/wp\/v2\/noticias"}],"about":[{"href":"https:\/\/portal.fgeo.gob.mx\/index.php\/wp-json\/wp\/v2\/types\/noticias"}],"author":[{"embeddable":true,"href":"https:\/\/portal.fgeo.gob.mx\/index.php\/wp-json\/wp\/v2\/users\/2"}],"replies":[{"embeddable":true,"href":"https:\/\/portal.fgeo.gob.mx\/index.php\/wp-json\/wp\/v2\/comments?post=19975"}],"wp:attachment":[{"href":"https:\/\/portal.fgeo.gob.mx\/index.php\/wp-json\/wp\/v2\/media?parent=19975"}],"wp:term":[{"taxonomy":"post_tag","embeddable":true,"href":"https:\/\/portal.fgeo.gob.mx\/index.php\/wp-json\/wp\/v2\/tags?post=19975"},{"taxonomy":"categoria_noticias","embeddable":true,"href":"https:\/\/portal.fgeo.gob.mx\/index.php\/wp-json\/wp\/v2\/categoria_noticias?post=19975"}],"curies":[{"name":"wp","href":"https:\/\/api.w.org\/{rel}","templated":true}]}}