{"id":19945,"date":"2025-12-06T18:50:21","date_gmt":"2025-12-07T00:50:21","guid":{"rendered":"https:\/\/portal.fgeo.gob.mx\/?post_type=noticias&#038;p=19945"},"modified":"2025-12-06T18:50:21","modified_gmt":"2025-12-07T00:50:21","slug":"boletin-2003-fiscalia-de-oaxaca-reune-a-mas-de-800-participantes-en-la-3a-carrera-atletica-de-convivencia-de-la-aei-para-fortalecer-integracion-institucional-y-proximidad-social","status":"publish","type":"noticias","link":"https:\/\/portal.fgeo.gob.mx\/index.php\/archivos\/noticias\/boletin-2003-fiscalia-de-oaxaca-reune-a-mas-de-800-participantes-en-la-3a-carrera-atletica-de-convivencia-de-la-aei-para-fortalecer-integracion-institucional-y-proximidad-social","title":{"rendered":"BOLET\u00cdN 2003.- Fiscal\u00eda de Oaxaca re\u00fane a m\u00e1s de 800 participantes en la 3\u00aa Carrera Atl\u00e9tica de Convivencia de la AEI para fortalecer integraci\u00f3n institucional y proximidad social"},"content":{"rendered":"\n<p>Oaxaca de Ju\u00e1rez a 06 de diciembre de 2025.- La Fiscal\u00eda General del Estado de Oaxaca, a trav\u00e9s de la Agencia Estatal de Investigaciones (AEI), llev\u00f3 a cabo con \u00e9xito la 3\u00aa edici\u00f3n de la \u201cCarrera Atl\u00e9tica de Convivencia\u201d, una actividad de proximidad social realizada en la pista del Bosque El Tequio, en la que participaron m\u00e1s de 800 personas, entre personal de la instituci\u00f3n y sociedad civil.<\/p>\n\n\n\n<p>Esta carrera forma parte de las acciones permanentes que fortalecen el esp\u00edritu de cuerpo, promueven la integraci\u00f3n institucional y generan proximidad social.<\/p>\n\n\n\n<p>Durante su intervenci\u00f3n, el Fiscal de Oaxaca, Bernardo Rodr\u00edguez Alamilla, destac\u00f3 la importancia de promover este tipo eventos, \u201cla Fiscal\u00eda de Oaxaca impulsa actividades deportivas como una estrategia para la prevenci\u00f3n del delito, pues, por medio del deporte se incentiva la sana convivencia, se promueve la cultura de paz y no violencia, lo que favorece la inhibici\u00f3n del delito, pues el deporte es una herramienta que contribuye a la construcci\u00f3n de fraternidad y fortalece el tejido social\u201d.<\/p>\n\n\n\n<p>Por su parte el Coordinador de la Agencia Estatal de Investigaciones, Jaciel V\u00e1squez Castro, reconoci\u00f3 el compromiso demostrado por las y los participantes en esta justa deportiva, adem\u00e1s de agradecer a la ciudadan\u00eda que se sum\u00f3 a la actividad, destacando que la participaci\u00f3n de este a\u00f1o super\u00f3 las expectativas.<\/p>\n\n\n\n<p>El resultado de la carrera en la Categor\u00eda Invitado \u2013 Rama Femenil, el primer lugar fue obtenido por Luisa Pe\u00f1a V\u00e1squez, representante del Club Chinetes; el segundo lugar correspondi\u00f3 a Guillermina Librado Gonz\u00e1lez, tambi\u00e9n del Club Chinetes; mientras que el tercer sitio lo alcanz\u00f3 Raquel Romero, del Club Oax Extremos.<\/p>\n\n\n\n<p>En la Rama Varonil, Reynaldo Pacheco Rojas, del Club Vitalim, obtuvo el primer lugar; Carlos L\u00f3pez Hern\u00e1ndez, del Club Andr\u00e9s R\u00edos, alcanz\u00f3 el segundo sitio; y Orlando Espejel Robles, del Club Jos\u00e9 Aquino, logr\u00f3 el tercer puesto.<br>Respecto a la Categor\u00eda AEI \u2013 Rama Femenil, el primer lugar fue para Dolores Cruz Cruz, integrante del Grupo de Operaciones T\u00e1cticas; el segundo lugar lo obtuvo Adriana Gabriela Hern\u00e1ndez Romero, de la Unidad Administrativa y de Carrera Policial; y el tercer lugar fue alcanzado por Sofon\u00eda de Jes\u00fas Ram\u00edrez, del Departamento Jur\u00eddico.<\/p>\n\n\n\n<p>Asimismo en la Rama Varonil AEI, S\u00f3ximo Claudio Monjaraz V\u00e1squez, del Grupo de Operaciones T\u00e1cticas, se posicion\u00f3 en el primer lugar; Javier Santos, de la Primera Comandancia Operativa, obtuvo el segundo; y Cresencio V\u00e1squez Velasco, del Dep\u00f3sito de Armas y Municiones, logr\u00f3 el tercer puesto.<\/p>\n\n\n\n<p>La Fiscal\u00eda General del Estado de Oaxaca reconoce el entusiasmo de las y los participantes, as\u00ed como el compromiso del personal organizador de esta actividad que reafirma el deber institucional de fortalecer la convivencia, la integraci\u00f3n y el bienestar de quienes conforman la procuraci\u00f3n de justicia en Oaxaca.<\/p>\n\n\n\n<figure class=\"wp-block-image size-large\"><img fetchpriority=\"high\" decoding=\"async\" width=\"1024\" height=\"682\" src=\"https:\/\/portal.fgeo.gob.mx\/minio\/pagina\/wp-content\/uploads\/2025\/12\/WhatsApp-Image-2025-12-06-at-3.00.57-PM-1024x682.jpeg\" alt=\"\" class=\"wp-image-19946\" srcset=\"https:\/\/portal.fgeo.gob.mx\/minio\/pagina\/wp-content\/uploads\/2025\/12\/WhatsApp-Image-2025-12-06-at-3.00.57-PM-1024x682.jpeg 1024w, https:\/\/portal.fgeo.gob.mx\/minio\/pagina\/wp-content\/uploads\/2025\/12\/WhatsApp-Image-2025-12-06-at-3.00.57-PM-300x200.jpeg 300w, https:\/\/portal.fgeo.gob.mx\/minio\/pagina\/wp-content\/uploads\/2025\/12\/WhatsApp-Image-2025-12-06-at-3.00.57-PM-768x512.jpeg 768w, https:\/\/portal.fgeo.gob.mx\/minio\/pagina\/wp-content\/uploads\/2025\/12\/WhatsApp-Image-2025-12-06-at-3.00.57-PM-1536x1023.jpeg 1536w, https:\/\/portal.fgeo.gob.mx\/minio\/pagina\/wp-content\/uploads\/2025\/12\/WhatsApp-Image-2025-12-06-at-3.00.57-PM.jpeg 1600w\" sizes=\"(max-width: 1024px) 100vw, 1024px\" \/><\/figure>\n\n\n\n<figure class=\"wp-block-gallery has-nested-images columns-default is-cropped wp-block-gallery-1 is-layout-flex wp-block-gallery-is-layout-flex\">\n<figure class=\"wp-block-image size-large\"><img decoding=\"async\" width=\"1024\" height=\"682\" data-id=\"19947\" src=\"https:\/\/portal.fgeo.gob.mx\/minio\/pagina\/wp-content\/uploads\/2025\/12\/WhatsApp-Image-2025-12-06-at-2.59.32-PM-3-1024x682.jpeg\" alt=\"\" class=\"wp-image-19947\" srcset=\"https:\/\/portal.fgeo.gob.mx\/minio\/pagina\/wp-content\/uploads\/2025\/12\/WhatsApp-Image-2025-12-06-at-2.59.32-PM-3-1024x682.jpeg 1024w, https:\/\/portal.fgeo.gob.mx\/minio\/pagina\/wp-content\/uploads\/2025\/12\/WhatsApp-Image-2025-12-06-at-2.59.32-PM-3-300x200.jpeg 300w, https:\/\/portal.fgeo.gob.mx\/minio\/pagina\/wp-content\/uploads\/2025\/12\/WhatsApp-Image-2025-12-06-at-2.59.32-PM-3-768x512.jpeg 768w, https:\/\/portal.fgeo.gob.mx\/minio\/pagina\/wp-content\/uploads\/2025\/12\/WhatsApp-Image-2025-12-06-at-2.59.32-PM-3-1536x1023.jpeg 1536w, https:\/\/portal.fgeo.gob.mx\/minio\/pagina\/wp-content\/uploads\/2025\/12\/WhatsApp-Image-2025-12-06-at-2.59.32-PM-3.jpeg 1600w\" sizes=\"(max-width: 1024px) 100vw, 1024px\" \/><\/figure>\n\n\n\n<figure class=\"wp-block-image size-large\"><img decoding=\"async\" width=\"1024\" height=\"682\" data-id=\"19949\" src=\"https:\/\/portal.fgeo.gob.mx\/minio\/pagina\/wp-content\/uploads\/2025\/12\/WhatsApp-Image-2025-12-06-at-2.59.32-PM-2-1024x682.jpeg\" alt=\"\" class=\"wp-image-19949\" srcset=\"https:\/\/portal.fgeo.gob.mx\/minio\/pagina\/wp-content\/uploads\/2025\/12\/WhatsApp-Image-2025-12-06-at-2.59.32-PM-2-1024x682.jpeg 1024w, https:\/\/portal.fgeo.gob.mx\/minio\/pagina\/wp-content\/uploads\/2025\/12\/WhatsApp-Image-2025-12-06-at-2.59.32-PM-2-300x200.jpeg 300w, https:\/\/portal.fgeo.gob.mx\/minio\/pagina\/wp-content\/uploads\/2025\/12\/WhatsApp-Image-2025-12-06-at-2.59.32-PM-2-768x512.jpeg 768w, https:\/\/portal.fgeo.gob.mx\/minio\/pagina\/wp-content\/uploads\/2025\/12\/WhatsApp-Image-2025-12-06-at-2.59.32-PM-2-1536x1023.jpeg 1536w, https:\/\/portal.fgeo.gob.mx\/minio\/pagina\/wp-content\/uploads\/2025\/12\/WhatsApp-Image-2025-12-06-at-2.59.32-PM-2.jpeg 1600w\" sizes=\"(max-width: 1024px) 100vw, 1024px\" \/><\/figure>\n\n\n\n<figure class=\"wp-block-image size-large\"><img loading=\"lazy\" decoding=\"async\" width=\"1024\" height=\"682\" data-id=\"19948\" src=\"https:\/\/portal.fgeo.gob.mx\/minio\/pagina\/wp-content\/uploads\/2025\/12\/WhatsApp-Image-2025-12-06-at-2.59.32-PM-1-1024x682.jpeg\" alt=\"\" class=\"wp-image-19948\" srcset=\"https:\/\/portal.fgeo.gob.mx\/minio\/pagina\/wp-content\/uploads\/2025\/12\/WhatsApp-Image-2025-12-06-at-2.59.32-PM-1-1024x682.jpeg 1024w, https:\/\/portal.fgeo.gob.mx\/minio\/pagina\/wp-content\/uploads\/2025\/12\/WhatsApp-Image-2025-12-06-at-2.59.32-PM-1-300x200.jpeg 300w, https:\/\/portal.fgeo.gob.mx\/minio\/pagina\/wp-content\/uploads\/2025\/12\/WhatsApp-Image-2025-12-06-at-2.59.32-PM-1-768x512.jpeg 768w, https:\/\/portal.fgeo.gob.mx\/minio\/pagina\/wp-content\/uploads\/2025\/12\/WhatsApp-Image-2025-12-06-at-2.59.32-PM-1-1536x1023.jpeg 1536w, https:\/\/portal.fgeo.gob.mx\/minio\/pagina\/wp-content\/uploads\/2025\/12\/WhatsApp-Image-2025-12-06-at-2.59.32-PM-1.jpeg 1600w\" sizes=\"(max-width: 1024px) 100vw, 1024px\" \/><\/figure>\n\n\n\n<figure class=\"wp-block-image size-large\"><img loading=\"lazy\" decoding=\"async\" width=\"1024\" height=\"682\" data-id=\"19950\" src=\"https:\/\/portal.fgeo.gob.mx\/minio\/pagina\/wp-content\/uploads\/2025\/12\/WhatsApp-Image-2025-12-06-at-2.59.32-PM-1024x682.jpeg\" alt=\"\" class=\"wp-image-19950\" srcset=\"https:\/\/portal.fgeo.gob.mx\/minio\/pagina\/wp-content\/uploads\/2025\/12\/WhatsApp-Image-2025-12-06-at-2.59.32-PM-1024x682.jpeg 1024w, https:\/\/portal.fgeo.gob.mx\/minio\/pagina\/wp-content\/uploads\/2025\/12\/WhatsApp-Image-2025-12-06-at-2.59.32-PM-300x200.jpeg 300w, https:\/\/portal.fgeo.gob.mx\/minio\/pagina\/wp-content\/uploads\/2025\/12\/WhatsApp-Image-2025-12-06-at-2.59.32-PM-768x512.jpeg 768w, https:\/\/portal.fgeo.gob.mx\/minio\/pagina\/wp-content\/uploads\/2025\/12\/WhatsApp-Image-2025-12-06-at-2.59.32-PM-1536x1023.jpeg 1536w, https:\/\/portal.fgeo.gob.mx\/minio\/pagina\/wp-content\/uploads\/2025\/12\/WhatsApp-Image-2025-12-06-at-2.59.32-PM.jpeg 1600w\" sizes=\"(max-width: 1024px) 100vw, 1024px\" \/><\/figure>\n<\/figure>\n","protected":false},"author":2,"featured_media":0,"comment_status":"closed","ping_status":"closed","template":"","tags":[],"categoria_noticias":[],"class_list":["post-19945","noticias","type-noticias","status-publish","hentry"],"acf":[],"mb":[],"mfb_rest_fields":["title","gutenberg_elementor_mode"],"_links":{"self":[{"href":"https:\/\/portal.fgeo.gob.mx\/index.php\/wp-json\/wp\/v2\/noticias\/19945","targetHints":{"allow":["GET"]}}],"collection":[{"href":"https:\/\/portal.fgeo.gob.mx\/index.php\/wp-json\/wp\/v2\/noticias"}],"about":[{"href":"https:\/\/portal.fgeo.gob.mx\/index.php\/wp-json\/wp\/v2\/types\/noticias"}],"author":[{"embeddable":true,"href":"https:\/\/portal.fgeo.gob.mx\/index.php\/wp-json\/wp\/v2\/users\/2"}],"replies":[{"embeddable":true,"href":"https:\/\/portal.fgeo.gob.mx\/index.php\/wp-json\/wp\/v2\/comments?post=19945"}],"wp:attachment":[{"href":"https:\/\/portal.fgeo.gob.mx\/index.php\/wp-json\/wp\/v2\/media?parent=19945"}],"wp:term":[{"taxonomy":"post_tag","embeddable":true,"href":"https:\/\/portal.fgeo.gob.mx\/index.php\/wp-json\/wp\/v2\/tags?post=19945"},{"taxonomy":"categoria_noticias","embeddable":true,"href":"https:\/\/portal.fgeo.gob.mx\/index.php\/wp-json\/wp\/v2\/categoria_noticias?post=19945"}],"curies":[{"name":"wp","href":"https:\/\/api.w.org\/{rel}","templated":true}]}}