{"id":19943,"date":"2025-12-06T18:47:34","date_gmt":"2025-12-07T00:47:34","guid":{"rendered":"https:\/\/portal.fgeo.gob.mx\/?post_type=noticias&#038;p=19943"},"modified":"2025-12-06T18:47:34","modified_gmt":"2025-12-07T00:47:34","slug":"boletin-2002-fiscalia-de-oaxaca-amplia-investigacion-por-posible-maltrato-animal-en-predio-de-tlalixtac-unidad-especializada-realiza-diligencias","status":"publish","type":"noticias","link":"https:\/\/portal.fgeo.gob.mx\/index.php\/archivos\/noticias\/boletin-2002-fiscalia-de-oaxaca-amplia-investigacion-por-posible-maltrato-animal-en-predio-de-tlalixtac-unidad-especializada-realiza-diligencias","title":{"rendered":"BOLET\u00cdN 2002.- Fiscal\u00eda de Oaxaca ampl\u00eda investigaci\u00f3n por posible maltrato animal en predio de Tlalixtac; unidad especializada realiza diligencias"},"content":{"rendered":"\n<p>Oaxaca de Ju\u00e1rez a 06 de diciembre de 2025.- La Fiscal\u00eda General del Estado de Oaxaca investiga el caso de maltrato a un perro de raza doberman que se encontraba en un predio ubicado en la calle Camino del Cura, en los l\u00edmites de Tlalixtac de Cabrera y el Tule.<\/p>\n\n\n\n<p>Por medio de la Unidad Especializada contra el Maltrato Animal, el 5 de diciembre de 2025 se iniciaron actos de investigaci\u00f3n, derivados de la noticia criminal en la que se denunciaba la presencia de un perro en condiciones de abandono, el cual se encontraba en riesgo.<\/p>\n\n\n\n<p>De inmediato, personal especializado acudi\u00f3 al predio se\u00f1alado,sin embargo, al llegar, el personal no encontr\u00f3 personas en el lugar y tampoco al perro, sin embargo, la Fiscal\u00eda de Oaxaca mantiene abierta y amplia la investigaci\u00f3n correspondiente, con el objetivo de esclarecer los hechos, identificar a qui\u00e9n o qui\u00e9nes resulten responsables, y determinar las condiciones actuales del canino para proteger su integridad.<\/p>\n\n\n\n<p>La Fiscal\u00eda de Oaxaca reitera su compromiso de atender todas las denuncias de maltrato animal, en cumplimiento de lo establecido en la normativa local, y hace un llamado a la ciudadan\u00eda a colaborar denunciando oportunamente estos actos, pues la denuncia es fundamental para activar los protocolos de investigaci\u00f3n y protecci\u00f3n.<\/p>\n\n\n\n<figure class=\"wp-block-image size-large\"><img fetchpriority=\"high\" decoding=\"async\" width=\"576\" height=\"1024\" src=\"https:\/\/portal.fgeo.gob.mx\/minio\/pagina\/wp-content\/uploads\/2025\/12\/WhatsApp-Image-2025-12-06-at-3.24.42-PM-576x1024.jpeg\" alt=\"\" class=\"wp-image-19944\" srcset=\"https:\/\/portal.fgeo.gob.mx\/minio\/pagina\/wp-content\/uploads\/2025\/12\/WhatsApp-Image-2025-12-06-at-3.24.42-PM-576x1024.jpeg 576w, https:\/\/portal.fgeo.gob.mx\/minio\/pagina\/wp-content\/uploads\/2025\/12\/WhatsApp-Image-2025-12-06-at-3.24.42-PM-169x300.jpeg 169w, https:\/\/portal.fgeo.gob.mx\/minio\/pagina\/wp-content\/uploads\/2025\/12\/WhatsApp-Image-2025-12-06-at-3.24.42-PM-768x1365.jpeg 768w, https:\/\/portal.fgeo.gob.mx\/minio\/pagina\/wp-content\/uploads\/2025\/12\/WhatsApp-Image-2025-12-06-at-3.24.42-PM-864x1536.jpeg 864w, https:\/\/portal.fgeo.gob.mx\/minio\/pagina\/wp-content\/uploads\/2025\/12\/WhatsApp-Image-2025-12-06-at-3.24.42-PM.jpeg 900w\" sizes=\"(max-width: 576px) 100vw, 576px\" \/><\/figure>\n\n\n\n<figure class=\"wp-block-gallery has-nested-images columns-default is-cropped wp-block-gallery-1 is-layout-flex wp-block-gallery-is-layout-flex\"><\/figure>\n","protected":false},"author":2,"featured_media":0,"comment_status":"closed","ping_status":"closed","template":"","tags":[],"categoria_noticias":[],"class_list":["post-19943","noticias","type-noticias","status-publish","hentry"],"acf":[],"mb":[],"mfb_rest_fields":["title","gutenberg_elementor_mode"],"_links":{"self":[{"href":"https:\/\/portal.fgeo.gob.mx\/index.php\/wp-json\/wp\/v2\/noticias\/19943","targetHints":{"allow":["GET"]}}],"collection":[{"href":"https:\/\/portal.fgeo.gob.mx\/index.php\/wp-json\/wp\/v2\/noticias"}],"about":[{"href":"https:\/\/portal.fgeo.gob.mx\/index.php\/wp-json\/wp\/v2\/types\/noticias"}],"author":[{"embeddable":true,"href":"https:\/\/portal.fgeo.gob.mx\/index.php\/wp-json\/wp\/v2\/users\/2"}],"replies":[{"embeddable":true,"href":"https:\/\/portal.fgeo.gob.mx\/index.php\/wp-json\/wp\/v2\/comments?post=19943"}],"wp:attachment":[{"href":"https:\/\/portal.fgeo.gob.mx\/index.php\/wp-json\/wp\/v2\/media?parent=19943"}],"wp:term":[{"taxonomy":"post_tag","embeddable":true,"href":"https:\/\/portal.fgeo.gob.mx\/index.php\/wp-json\/wp\/v2\/tags?post=19943"},{"taxonomy":"categoria_noticias","embeddable":true,"href":"https:\/\/portal.fgeo.gob.mx\/index.php\/wp-json\/wp\/v2\/categoria_noticias?post=19943"}],"curies":[{"name":"wp","href":"https:\/\/api.w.org\/{rel}","templated":true}]}}