{"id":19923,"date":"2025-12-05T15:05:51","date_gmt":"2025-12-05T21:05:51","guid":{"rendered":"https:\/\/portal.fgeo.gob.mx\/?post_type=noticias&#038;p=19923"},"modified":"2025-12-05T15:05:51","modified_gmt":"2025-12-05T21:05:51","slug":"boletin-2000-fiscalia-de-oaxaca-rescata-a-kira-ante-probable-maltrato-animal-y-activa-medidas-de-proteccion","status":"publish","type":"noticias","link":"https:\/\/portal.fgeo.gob.mx\/index.php\/archivos\/noticias\/boletin-2000-fiscalia-de-oaxaca-rescata-a-kira-ante-probable-maltrato-animal-y-activa-medidas-de-proteccion","title":{"rendered":"BOLET\u00cdN 2,000.- Fiscal\u00eda de Oaxaca rescata a Kira ante probable maltrato animal y activa medidas de protecci\u00f3n"},"content":{"rendered":"\n<p><strong>Oaxaca de Ju\u00e1rez, Oax. 05 de diciembre de 2025.-<\/strong> La Fiscal\u00eda General del Estado de Oaxaca (FGEO), a trav\u00e9s de la Unidad de Rescate Animal, inici\u00f3 acciones de atenci\u00f3n y protecci\u00f3n tras tener conocimiento de un caso de presunto maltrato animal ocurrido en la regi\u00f3n de los Valles Centrales.<\/p>\n\n\n\n<p>Derivado de una denuncia ciudadana, personal especializado de la FGEO acudi\u00f3 al domicilio ubicado en la calle Emiliano Zapata, en el Ejido Guadalupe Victoria, perteneciente al municipio de Oaxaca de Ju\u00e1rez, en donde fue localizada una perrita identificada como \u201cKira\u201d, la cual se encontraba amarrada y en condiciones que compromet\u00edan su bienestar.<\/p>\n\n\n\n<p>En tanto, la Fiscal\u00eda de Oaxaca integr\u00f3 la carpeta de investigaci\u00f3n correspondiente y se realizan las primeras investigaciones a trav\u00e9s de la Vicefiscal\u00eda de Valles Centrales para determinar las medidas apegadas a lo establecido en el C\u00f3digo Penal de Oaxaca.<\/p>\n\n\n\n<p>Como parte de las medidas de protecci\u00f3n para salvaguardar la integridad, Kira fue asegurada y trasladada con el perito veterinario de la Fiscal\u00eda de Oaxaca, para su valoraci\u00f3n m\u00e9dica y el dictamen pericial correspondiente sobre su estado de salud.<\/p>\n\n\n\n<p>La Fiscal\u00eda General del Estado de Oaxaca reitera su compromiso con la protecci\u00f3n y defensa de los animales a trav\u00e9s de la aplicaci\u00f3n de los mecanismos legales conducentes, garantizando un trato digno y la sanci\u00f3n a quienes incurran en conductas de maltrato.<\/p>\n\n\n\n<figure class=\"wp-block-gallery has-nested-images columns-default is-cropped wp-block-gallery-1 is-layout-flex wp-block-gallery-is-layout-flex\">\n<figure class=\"wp-block-image size-large\"><img fetchpriority=\"high\" decoding=\"async\" width=\"1024\" height=\"768\" data-id=\"19925\" src=\"https:\/\/portal.fgeo.gob.mx\/minio\/pagina\/wp-content\/uploads\/2025\/12\/WhatsApp-Image-2025-12-05-at-2.56.48-PM-1-1024x768.jpeg\" alt=\"\" class=\"wp-image-19925\" srcset=\"https:\/\/portal.fgeo.gob.mx\/minio\/pagina\/wp-content\/uploads\/2025\/12\/WhatsApp-Image-2025-12-05-at-2.56.48-PM-1-1024x768.jpeg 1024w, https:\/\/portal.fgeo.gob.mx\/minio\/pagina\/wp-content\/uploads\/2025\/12\/WhatsApp-Image-2025-12-05-at-2.56.48-PM-1-300x225.jpeg 300w, https:\/\/portal.fgeo.gob.mx\/minio\/pagina\/wp-content\/uploads\/2025\/12\/WhatsApp-Image-2025-12-05-at-2.56.48-PM-1-768x576.jpeg 768w, https:\/\/portal.fgeo.gob.mx\/minio\/pagina\/wp-content\/uploads\/2025\/12\/WhatsApp-Image-2025-12-05-at-2.56.48-PM-1.jpeg 1080w\" sizes=\"(max-width: 1024px) 100vw, 1024px\" \/><\/figure>\n\n\n\n<figure class=\"wp-block-image size-large\"><img decoding=\"async\" width=\"1024\" height=\"768\" data-id=\"19924\" src=\"https:\/\/portal.fgeo.gob.mx\/minio\/pagina\/wp-content\/uploads\/2025\/12\/WhatsApp-Image-2025-12-05-at-2.56.48-PM-1024x768.jpeg\" alt=\"\" class=\"wp-image-19924\" srcset=\"https:\/\/portal.fgeo.gob.mx\/minio\/pagina\/wp-content\/uploads\/2025\/12\/WhatsApp-Image-2025-12-05-at-2.56.48-PM-1024x768.jpeg 1024w, https:\/\/portal.fgeo.gob.mx\/minio\/pagina\/wp-content\/uploads\/2025\/12\/WhatsApp-Image-2025-12-05-at-2.56.48-PM-300x225.jpeg 300w, https:\/\/portal.fgeo.gob.mx\/minio\/pagina\/wp-content\/uploads\/2025\/12\/WhatsApp-Image-2025-12-05-at-2.56.48-PM-768x576.jpeg 768w, https:\/\/portal.fgeo.gob.mx\/minio\/pagina\/wp-content\/uploads\/2025\/12\/WhatsApp-Image-2025-12-05-at-2.56.48-PM.jpeg 1080w\" sizes=\"(max-width: 1024px) 100vw, 1024px\" \/><\/figure>\n<\/figure>\n","protected":false},"author":2,"featured_media":0,"comment_status":"closed","ping_status":"closed","template":"","tags":[],"categoria_noticias":[],"class_list":["post-19923","noticias","type-noticias","status-publish","hentry"],"acf":[],"mb":[],"mfb_rest_fields":["title","gutenberg_elementor_mode"],"_links":{"self":[{"href":"https:\/\/portal.fgeo.gob.mx\/index.php\/wp-json\/wp\/v2\/noticias\/19923","targetHints":{"allow":["GET"]}}],"collection":[{"href":"https:\/\/portal.fgeo.gob.mx\/index.php\/wp-json\/wp\/v2\/noticias"}],"about":[{"href":"https:\/\/portal.fgeo.gob.mx\/index.php\/wp-json\/wp\/v2\/types\/noticias"}],"author":[{"embeddable":true,"href":"https:\/\/portal.fgeo.gob.mx\/index.php\/wp-json\/wp\/v2\/users\/2"}],"replies":[{"embeddable":true,"href":"https:\/\/portal.fgeo.gob.mx\/index.php\/wp-json\/wp\/v2\/comments?post=19923"}],"wp:attachment":[{"href":"https:\/\/portal.fgeo.gob.mx\/index.php\/wp-json\/wp\/v2\/media?parent=19923"}],"wp:term":[{"taxonomy":"post_tag","embeddable":true,"href":"https:\/\/portal.fgeo.gob.mx\/index.php\/wp-json\/wp\/v2\/tags?post=19923"},{"taxonomy":"categoria_noticias","embeddable":true,"href":"https:\/\/portal.fgeo.gob.mx\/index.php\/wp-json\/wp\/v2\/categoria_noticias?post=19923"}],"curies":[{"name":"wp","href":"https:\/\/api.w.org\/{rel}","templated":true}]}}