{"id":19825,"date":"2025-12-04T12:03:57","date_gmt":"2025-12-04T18:03:57","guid":{"rendered":"https:\/\/portal.fgeo.gob.mx\/?post_type=noticias&#038;p=19825"},"modified":"2025-12-04T12:03:57","modified_gmt":"2025-12-04T18:03:57","slug":"boletin-1996-fiscalia-de-oaxaca-obtiene-prision-y-vinculacion-a-proceso-contra-taxista-imputado-por-tocamientos-a-una-adolescente-cuando-viajaba-como-pasajera-hacia-el-distrito-de-zimatlan","status":"publish","type":"noticias","link":"https:\/\/portal.fgeo.gob.mx\/index.php\/archivos\/noticias\/boletin-1996-fiscalia-de-oaxaca-obtiene-prision-y-vinculacion-a-proceso-contra-taxista-imputado-por-tocamientos-a-una-adolescente-cuando-viajaba-como-pasajera-hacia-el-distrito-de-zimatlan","title":{"rendered":"BOLET\u00cdN 1,996.- Fiscal\u00eda de Oaxaca obtiene prisi\u00f3n y vinculaci\u00f3n a proceso contra taxista imputado por tocamientos a una adolescente cuando viajaba como pasajera hacia el distrito de Zimatl\u00e1n"},"content":{"rendered":"\n<p><strong>Oaxaca de Ju\u00e1rez, Oax. 04 de diciembre de 2025.-<\/strong> Como resultado de las investigaciones enfocadas en garantizar los derechos a una vida libre de violencia para las ni\u00f1as, ni\u00f1os, adolescentes y mujeres, la Fiscal\u00eda General del Estado de Oaxaca (FGEO) obtuvo vinculaci\u00f3n a proceso y prisi\u00f3n preventiva en contra de un hombre identificado como J.A.Z.G., de ocupaci\u00f3n taxista, imputado por el delito de abuso sexual agravado ocurrido en los Valles Centrales.<\/p>\n\n\n\n<p>El expediente penal del caso, detalla que los hechos ocurrieron el 24 de noviembre de 2025, cuando la v\u00edctima -una adolescente de 17 a\u00f1os de edad, cuya identidad est\u00e1 reservada por ley- viajaba como pasajera en el asiento del copiloto de un taxi del sitio San Lorenzo A.C. Zimatl\u00e1n de \u00c1lvarez, el cual era conducido por el ahora imputado.<\/p>\n\n\n\n<p>La investigaci\u00f3n establece que mientras circulaban por la carretera federal 175, Oaxaca- Puerto \u00c1ngel a la altura de la San Bartolo Coyotepec, el taxista realiz\u00f3 maniobras con la palanca de velocidades que provocaron tocamientos indebidos en la pierna de la adolescente.<\/p>\n\n\n\n<p>Posteriormente, al llegar a la desviaci\u00f3n de la Ci\u00e9nega- Zimatl\u00e1n, el imputado la volvi\u00f3 a agredirla, al llegar a la parada de taxis en Zimatl\u00e1n, la v\u00edctima descendi\u00f3 de la unidad de motor e inform\u00f3 a sus familiares de lo ocurrido quienes, al momento, solicitaron el auxilio de las autoridades, logrado la persecuci\u00f3n y detenci\u00f3n inmediata del taxista.<\/p>\n\n\n\n<p>Al tener conocimiento de los hechos, derivado de la denuncia, la FGEO inici\u00f3 las investigaciones correspondientes a trav\u00e9s de la Fiscal\u00eda Especializada en Justicia para Ni\u00f1as, Ni\u00f1os y Adolescentes de la Vicefiscal\u00eda Regional de los Valles Centrales, recabando todos los indicios de prueba para despu\u00e9s poner al detenido ante el juez de control quien al validar los datos probatorios dict\u00f3 vinculaci\u00f3n a proceso por el delito de abuso sexual agravado.<\/p>\n\n\n\n<p>A petici\u00f3n del ministerio p\u00fablico, se le impuso la medida cautelar de prisi\u00f3n preventiva justificada y se otorg\u00f3 el plazo de un mes para el cierre de la investigaci\u00f3n complementaria.<\/p>\n\n\n\n<p>La Fiscal\u00eda General del Estado de Oaxaca prioriza las investigaciones relacionadas con delitos cometidos contra las mujeres, ni\u00f1as y adolescentes, para presentar ante la justicia a los responsables a fin de garantizar el derecho a una vida libre de violencia.<\/p>\n\n\n\n<figure class=\"wp-block-gallery has-nested-images columns-default is-cropped wp-block-gallery-1 is-layout-flex wp-block-gallery-is-layout-flex\"><\/figure>\n","protected":false},"author":2,"featured_media":0,"comment_status":"closed","ping_status":"closed","template":"","tags":[],"categoria_noticias":[],"class_list":["post-19825","noticias","type-noticias","status-publish","hentry"],"acf":[],"mb":[],"mfb_rest_fields":["title","gutenberg_elementor_mode"],"_links":{"self":[{"href":"https:\/\/portal.fgeo.gob.mx\/index.php\/wp-json\/wp\/v2\/noticias\/19825","targetHints":{"allow":["GET"]}}],"collection":[{"href":"https:\/\/portal.fgeo.gob.mx\/index.php\/wp-json\/wp\/v2\/noticias"}],"about":[{"href":"https:\/\/portal.fgeo.gob.mx\/index.php\/wp-json\/wp\/v2\/types\/noticias"}],"author":[{"embeddable":true,"href":"https:\/\/portal.fgeo.gob.mx\/index.php\/wp-json\/wp\/v2\/users\/2"}],"replies":[{"embeddable":true,"href":"https:\/\/portal.fgeo.gob.mx\/index.php\/wp-json\/wp\/v2\/comments?post=19825"}],"wp:attachment":[{"href":"https:\/\/portal.fgeo.gob.mx\/index.php\/wp-json\/wp\/v2\/media?parent=19825"}],"wp:term":[{"taxonomy":"post_tag","embeddable":true,"href":"https:\/\/portal.fgeo.gob.mx\/index.php\/wp-json\/wp\/v2\/tags?post=19825"},{"taxonomy":"categoria_noticias","embeddable":true,"href":"https:\/\/portal.fgeo.gob.mx\/index.php\/wp-json\/wp\/v2\/categoria_noticias?post=19825"}],"curies":[{"name":"wp","href":"https:\/\/api.w.org\/{rel}","templated":true}]}}