{"id":19813,"date":"2025-12-04T09:36:43","date_gmt":"2025-12-04T15:36:43","guid":{"rendered":"https:\/\/portal.fgeo.gob.mx\/?post_type=noticias&#038;p=19813"},"modified":"2025-12-04T09:36:43","modified_gmt":"2025-12-04T15:36:43","slug":"boletin-1995-fiscalia-de-oaxaca-obtiene-vinculacion-a-proceso-por-feminicidio-agravado-ocurrido-en-cuilapam-de-guerrero","status":"publish","type":"noticias","link":"https:\/\/portal.fgeo.gob.mx\/index.php\/archivos\/noticias\/boletin-1995-fiscalia-de-oaxaca-obtiene-vinculacion-a-proceso-por-feminicidio-agravado-ocurrido-en-cuilapam-de-guerrero","title":{"rendered":"BOLET\u00cdN 1,995.- Fiscal\u00eda de Oaxaca obtiene vinculaci\u00f3n a proceso por feminicidio agravado ocurrido en Cuilapam de Guerrero"},"content":{"rendered":"\n<p><strong>Oaxaca de Ju\u00e1rez, Oax. 04 de diciembre de 2025.-<\/strong> La Fiscal\u00eda General del Estado obtuvo la vinculaci\u00f3n a proceso de una persona del sexo masculino identificado como T.H.S.&nbsp; por el delito de feminicidio agravado, hechos ocurridos en Cuil\u00e1pam de Guerrero.<\/p>\n\n\n\n<p>De acuerdo con el expediente penal, la v\u00edctima manten\u00eda una relaci\u00f3n de concubinato con el imputado, periodo durante el cual sufri\u00f3 violencia f\u00edsica y verbal, adem\u00e1s de que junto con sus hijos eran objeto de violencia econ\u00f3mica.<\/p>\n\n\n\n<p>A ra\u00edz de la constante violencia, la v\u00edctima decidi\u00f3 alejarse, sin embargo, era forzada a reiniciar la convivencia, momento en que volv\u00edan a presentarse nuevamente las agresiones en su contra. En junio 2019 la pareja abandon\u00f3 el domicilio familiar ubicado en el municipio de Cuil\u00e1pam de Guerrero.<\/p>\n\n\n\n<p>El 29 de agosto de 2019, la v\u00edctima sali\u00f3 de su domicilio junto a uno de sus hijos, mientras caminaba por calles del paraje Trampelobo, fue interceptada por un veh\u00edculo tipo tsuru color blanco del cual descendi\u00f3 un hombre que realiz\u00f3 diversos disparos de arma de fuego en su contra, lo que le provoc\u00f3 lesiones que le causaron la muerte.<\/p>\n\n\n\n<p>Por estos hechos, la Fiscal\u00eda Especializada para la Atenci\u00f3n a Delitos contra la Mujer por Raz\u00f3n de G\u00e9nero y la Fiscal\u00eda Especializada en Feminicidios iniciaron las investigaciones correspondientes, lo que permiti\u00f3 obtener la orden de aprehensi\u00f3n en contra de T.H.S., misma que fue ejecutada por elementos de la Agencia Estatal de Investigaciones.<\/p>\n\n\n\n<p>En audiencia y tras el desahogo de pruebas presentadas por la Fiscal\u00eda de Oaxaca, el Juez de la causa determin\u00f3 vincular a proceso a T.H.S.&nbsp; por el delito de feminicidio agravado, y dict\u00f3 la medida cautelar de prisi\u00f3n preventiva, adem\u00e1s de otorgar un plazo de dos meses para la investigaci\u00f3n complementaria.<\/p>\n\n\n\n<figure class=\"wp-block-image size-large\"><img fetchpriority=\"high\" decoding=\"async\" width=\"1024\" height=\"589\" src=\"https:\/\/portal.fgeo.gob.mx\/minio\/pagina\/wp-content\/uploads\/2025\/12\/WhatsApp-Image-2025-12-03-at-1.41.31-PM-1024x589.jpeg\" alt=\"\" class=\"wp-image-19814\" srcset=\"https:\/\/portal.fgeo.gob.mx\/minio\/pagina\/wp-content\/uploads\/2025\/12\/WhatsApp-Image-2025-12-03-at-1.41.31-PM-1024x589.jpeg 1024w, https:\/\/portal.fgeo.gob.mx\/minio\/pagina\/wp-content\/uploads\/2025\/12\/WhatsApp-Image-2025-12-03-at-1.41.31-PM-300x173.jpeg 300w, https:\/\/portal.fgeo.gob.mx\/minio\/pagina\/wp-content\/uploads\/2025\/12\/WhatsApp-Image-2025-12-03-at-1.41.31-PM-768x442.jpeg 768w, https:\/\/portal.fgeo.gob.mx\/minio\/pagina\/wp-content\/uploads\/2025\/12\/WhatsApp-Image-2025-12-03-at-1.41.31-PM.jpeg 1200w\" sizes=\"(max-width: 1024px) 100vw, 1024px\" \/><\/figure>\n","protected":false},"author":2,"featured_media":0,"comment_status":"closed","ping_status":"closed","template":"","tags":[],"categoria_noticias":[],"class_list":["post-19813","noticias","type-noticias","status-publish","hentry"],"acf":[],"mb":[],"mfb_rest_fields":["title","gutenberg_elementor_mode"],"_links":{"self":[{"href":"https:\/\/portal.fgeo.gob.mx\/index.php\/wp-json\/wp\/v2\/noticias\/19813","targetHints":{"allow":["GET"]}}],"collection":[{"href":"https:\/\/portal.fgeo.gob.mx\/index.php\/wp-json\/wp\/v2\/noticias"}],"about":[{"href":"https:\/\/portal.fgeo.gob.mx\/index.php\/wp-json\/wp\/v2\/types\/noticias"}],"author":[{"embeddable":true,"href":"https:\/\/portal.fgeo.gob.mx\/index.php\/wp-json\/wp\/v2\/users\/2"}],"replies":[{"embeddable":true,"href":"https:\/\/portal.fgeo.gob.mx\/index.php\/wp-json\/wp\/v2\/comments?post=19813"}],"wp:attachment":[{"href":"https:\/\/portal.fgeo.gob.mx\/index.php\/wp-json\/wp\/v2\/media?parent=19813"}],"wp:term":[{"taxonomy":"post_tag","embeddable":true,"href":"https:\/\/portal.fgeo.gob.mx\/index.php\/wp-json\/wp\/v2\/tags?post=19813"},{"taxonomy":"categoria_noticias","embeddable":true,"href":"https:\/\/portal.fgeo.gob.mx\/index.php\/wp-json\/wp\/v2\/categoria_noticias?post=19813"}],"curies":[{"name":"wp","href":"https:\/\/api.w.org\/{rel}","templated":true}]}}