{"id":19805,"date":"2025-12-03T16:39:47","date_gmt":"2025-12-03T22:39:47","guid":{"rendered":"https:\/\/portal.fgeo.gob.mx\/?post_type=noticias&#038;p=19805"},"modified":"2025-12-03T16:39:47","modified_gmt":"2025-12-03T22:39:47","slug":"boletin-1993-fiscalia-de-oaxaca-ejecuta-orden-de-aprehension-y-detiene-a-un-hombre-por-violacion-cometida-contra-su-hija-la-victima-sufria-agresiones-desde-los-ocho-anos-de-edad","status":"publish","type":"noticias","link":"https:\/\/portal.fgeo.gob.mx\/index.php\/archivos\/noticias\/boletin-1993-fiscalia-de-oaxaca-ejecuta-orden-de-aprehension-y-detiene-a-un-hombre-por-violacion-cometida-contra-su-hija-la-victima-sufria-agresiones-desde-los-ocho-anos-de-edad","title":{"rendered":"BOLET\u00cdN 1,993.- Fiscal\u00eda de Oaxaca ejecuta orden de aprehensi\u00f3n y detiene a un hombre por violaci\u00f3n cometida contra su hija; la v\u00edctima sufr\u00eda agresiones desde los ocho a\u00f1os de edad"},"content":{"rendered":"\n<p><strong>Oaxaca de Ju\u00e1rez, Oax. 03 de diciembre de 2025.-<\/strong> En seguimiento a las acciones de procuraci\u00f3n de justicia y combate a los delitos de g\u00e9nero, la Fiscal\u00eda General del Estado de Oaxaca (FGEO) dio cumplimiento a una orden de aprehensi\u00f3n que permiti\u00f3 la detenci\u00f3n de un hombre identificado como F.J.S., por el delito de Violaci\u00f3n Agravada, cometida en agravio de su hija en la regi\u00f3n del Istmo.<\/p>\n\n\n\n<p>De acuerdo con la denuncia asentada en el expediente penal del caso, los hechos ocurrieron de manera reiterada, a lo largo de varios a\u00f1os desde que la v\u00edctima ten\u00eda 8 a\u00f1os de edad.<\/p>\n\n\n\n<p>La investigaci\u00f3n establece que las agresiones continuaron bajo amenazas y en diferentes fechas en un domicilio que compart\u00edan en Coatzacoalcos, Veracruz.<\/p>\n\n\n\n<p>El \u00faltimo evento registrado que motiv\u00f3 la denuncia, ocurri\u00f3 el 25 de mayo de 2025, cuando la v\u00edctima ya contaba con 15 a\u00f1os de edad y era ya residente del municipio de Mat\u00edas Romero en la regi\u00f3n del Istmo, lugar donde fue nuevamente agredida por su mismo atacante.<\/p>\n\n\n\n<p>Cuando la FGEO tom\u00f3 conocimiento del caso -a trav\u00e9s de la Vicefiscal\u00eda Regional del Istmo- inici\u00f3 las investigaciones con personal especializado en el caso y bajo el protocolo de perspectiva de infancia, logrando reunir las pruebas necesarias que permitieron obtener una orden de aprehensi\u00f3n en contra de F.J.S., por el delito de violaci\u00f3n agravada.<\/p>\n\n\n\n<p>Una vez localizado, F.J.S. fue detenido por elementos de la Agencia Estatal de Investigaciones (AEI) cuando se encontraba en un camino de terracer\u00eda de la poblaci\u00f3n de Maluco, perteneciente al municipio de San Juan Guichicovi.<\/p>\n\n\n\n<p>Posteriormente, fue trasladado al Ministerio P\u00fablico para su certificaci\u00f3n m\u00e9dica y con ello, iniciar los tr\u00e1mites correspondientes para su debido proceso legal.<\/p>\n\n\n\n<p>La Fiscal\u00eda de Oaxaca tiene entre sus ejes rectores garantizar una vida libre de violencia para ni\u00f1as, ni\u00f1os, adolescentes y mujeres a trav\u00e9s de los mecanismos de procuraci\u00f3n de justicia que est\u00e1n a cargo de \u00e1reas especializadas y bien capacitadas para este tipo de labores.<\/p>\n\n\n\n<figure class=\"wp-block-image size-large\"><img fetchpriority=\"high\" decoding=\"async\" width=\"1024\" height=\"710\" src=\"https:\/\/portal.fgeo.gob.mx\/minio\/pagina\/wp-content\/uploads\/2025\/12\/WhatsApp-Image-2025-12-03-at-11.49.14-AM-1024x710.jpeg\" alt=\"\" class=\"wp-image-19806\" srcset=\"https:\/\/portal.fgeo.gob.mx\/minio\/pagina\/wp-content\/uploads\/2025\/12\/WhatsApp-Image-2025-12-03-at-11.49.14-AM-1024x710.jpeg 1024w, https:\/\/portal.fgeo.gob.mx\/minio\/pagina\/wp-content\/uploads\/2025\/12\/WhatsApp-Image-2025-12-03-at-11.49.14-AM-300x208.jpeg 300w, https:\/\/portal.fgeo.gob.mx\/minio\/pagina\/wp-content\/uploads\/2025\/12\/WhatsApp-Image-2025-12-03-at-11.49.14-AM-768x533.jpeg 768w, https:\/\/portal.fgeo.gob.mx\/minio\/pagina\/wp-content\/uploads\/2025\/12\/WhatsApp-Image-2025-12-03-at-11.49.14-AM.jpeg 1191w\" sizes=\"(max-width: 1024px) 100vw, 1024px\" \/><\/figure>\n","protected":false},"author":2,"featured_media":0,"comment_status":"closed","ping_status":"closed","template":"","tags":[],"categoria_noticias":[],"class_list":["post-19805","noticias","type-noticias","status-publish","hentry"],"acf":[],"mb":[],"mfb_rest_fields":["title","gutenberg_elementor_mode"],"_links":{"self":[{"href":"https:\/\/portal.fgeo.gob.mx\/index.php\/wp-json\/wp\/v2\/noticias\/19805","targetHints":{"allow":["GET"]}}],"collection":[{"href":"https:\/\/portal.fgeo.gob.mx\/index.php\/wp-json\/wp\/v2\/noticias"}],"about":[{"href":"https:\/\/portal.fgeo.gob.mx\/index.php\/wp-json\/wp\/v2\/types\/noticias"}],"author":[{"embeddable":true,"href":"https:\/\/portal.fgeo.gob.mx\/index.php\/wp-json\/wp\/v2\/users\/2"}],"replies":[{"embeddable":true,"href":"https:\/\/portal.fgeo.gob.mx\/index.php\/wp-json\/wp\/v2\/comments?post=19805"}],"wp:attachment":[{"href":"https:\/\/portal.fgeo.gob.mx\/index.php\/wp-json\/wp\/v2\/media?parent=19805"}],"wp:term":[{"taxonomy":"post_tag","embeddable":true,"href":"https:\/\/portal.fgeo.gob.mx\/index.php\/wp-json\/wp\/v2\/tags?post=19805"},{"taxonomy":"categoria_noticias","embeddable":true,"href":"https:\/\/portal.fgeo.gob.mx\/index.php\/wp-json\/wp\/v2\/categoria_noticias?post=19805"}],"curies":[{"name":"wp","href":"https:\/\/api.w.org\/{rel}","templated":true}]}}