{"id":19793,"date":"2025-12-03T14:17:21","date_gmt":"2025-12-03T20:17:21","guid":{"rendered":"https:\/\/portal.fgeo.gob.mx\/?post_type=noticias&#038;p=19793"},"modified":"2025-12-03T14:17:21","modified_gmt":"2025-12-03T20:17:21","slug":"boletin-1992-fgeo-solicita-vinculacion-a-proceso-contra-detenido-por-agresion-con-navaja-derivada-de-rina-por-incidente-vial-ocurrida-en-el-centro-de-la-ciudad-de-oaxaca","status":"publish","type":"noticias","link":"https:\/\/portal.fgeo.gob.mx\/index.php\/archivos\/noticias\/boletin-1992-fgeo-solicita-vinculacion-a-proceso-contra-detenido-por-agresion-con-navaja-derivada-de-rina-por-incidente-vial-ocurrida-en-el-centro-de-la-ciudad-de-oaxaca","title":{"rendered":"BOLET\u00cdN 1,992.- FGEO solicita vinculaci\u00f3n a proceso contra detenido por agresi\u00f3n con navaja derivada de ri\u00f1a por incidente vial ocurrida en el centro de la ciudad de Oaxaca"},"content":{"rendered":"\n<p><strong>Oaxaca de Ju\u00e1rez, Oax. 03 de diciembre de 2025.-<\/strong> La Fiscal\u00eda General del Estado de Oaxaca (FGEO) llev\u00f3 ante el Juez a una persona del sexo masculino identificado como L.R.G., por el delito de lesiones calificadas cometidas en contra de J.E.S.M., que sucedieron como resultado de un incidente de tr\u00e1nsito ocurrido en el centro de la ciudad de Oaxaca.<\/p>\n\n\n\n<p>De acuerdo con el expediente penal del caso, los hechos ocurrieron el 28 de noviembre de 2025, sobre la calle Prolongaci\u00f3n de Xicot\u00e9ncatl del centro de la ciudad de Oaxaca de Ju\u00e1rez, lugar donde la v\u00edctima, quien viajaba a bordo de una motocicleta vio que una camioneta obstru\u00eda la vialidad por lo que le pidi\u00f3 se moviera, momento en el que comenz\u00f3 la discusi\u00f3n.<\/p>\n\n\n\n<p>La investigaci\u00f3n establece que despu\u00e9s del intercambio verbal, el altercado escal\u00f3, el conductor de la camioneta baj\u00f3 de su unidad y agredi\u00f3 a la v\u00edctima con un arma punzocortante (navaja), infligiendo lesiones.<\/p>\n\n\n\n<p>Al tener conocimiento de los hechos, la FGEO -a trav\u00e9s de la Vicefiscal\u00eda Regional de Valles Centrales- realiz\u00f3 las investigaciones correspondientes, que permitieron obtener la orden de aprehensi\u00f3n en contra de L.R.G., quien fue detenido y puesto a disposici\u00f3n de la autoridad judicial.<\/p>\n\n\n\n<p>En audiencia, luego de evaluar las pruebas presentadas por la FGEO, el Juez de la causa calific\u00f3 como legal la detenci\u00f3n, formul\u00f3 imputaci\u00f3n, por lo que se hizo la solicitud de vinculaci\u00f3n a proceso.<\/p>\n\n\n\n<p>La Fiscal\u00eda de Oaxaca garantiza investigaciones exhaustivas para esclarecer delitos, aplicando todo el rigor de la Ley a quien o quienes resulten responsables.<\/p>\n\n\n\n<figure class=\"wp-block-image size-large\"><img fetchpriority=\"high\" decoding=\"async\" width=\"768\" height=\"1024\" src=\"https:\/\/portal.fgeo.gob.mx\/minio\/pagina\/wp-content\/uploads\/2025\/12\/Diseno-sin-titulo-2-2-768x1024.jpg\" alt=\"\" class=\"wp-image-19794\" srcset=\"https:\/\/portal.fgeo.gob.mx\/minio\/pagina\/wp-content\/uploads\/2025\/12\/Diseno-sin-titulo-2-2-768x1024.jpg 768w, https:\/\/portal.fgeo.gob.mx\/minio\/pagina\/wp-content\/uploads\/2025\/12\/Diseno-sin-titulo-2-2-225x300.jpg 225w, https:\/\/portal.fgeo.gob.mx\/minio\/pagina\/wp-content\/uploads\/2025\/12\/Diseno-sin-titulo-2-2-1152x1536.jpg 1152w, https:\/\/portal.fgeo.gob.mx\/minio\/pagina\/wp-content\/uploads\/2025\/12\/Diseno-sin-titulo-2-2.jpg 1200w\" sizes=\"(max-width: 768px) 100vw, 768px\" \/><\/figure>\n","protected":false},"author":2,"featured_media":0,"comment_status":"closed","ping_status":"closed","template":"","tags":[],"categoria_noticias":[],"class_list":["post-19793","noticias","type-noticias","status-publish","hentry"],"acf":[],"mb":[],"mfb_rest_fields":["title","gutenberg_elementor_mode"],"_links":{"self":[{"href":"https:\/\/portal.fgeo.gob.mx\/index.php\/wp-json\/wp\/v2\/noticias\/19793","targetHints":{"allow":["GET"]}}],"collection":[{"href":"https:\/\/portal.fgeo.gob.mx\/index.php\/wp-json\/wp\/v2\/noticias"}],"about":[{"href":"https:\/\/portal.fgeo.gob.mx\/index.php\/wp-json\/wp\/v2\/types\/noticias"}],"author":[{"embeddable":true,"href":"https:\/\/portal.fgeo.gob.mx\/index.php\/wp-json\/wp\/v2\/users\/2"}],"replies":[{"embeddable":true,"href":"https:\/\/portal.fgeo.gob.mx\/index.php\/wp-json\/wp\/v2\/comments?post=19793"}],"wp:attachment":[{"href":"https:\/\/portal.fgeo.gob.mx\/index.php\/wp-json\/wp\/v2\/media?parent=19793"}],"wp:term":[{"taxonomy":"post_tag","embeddable":true,"href":"https:\/\/portal.fgeo.gob.mx\/index.php\/wp-json\/wp\/v2\/tags?post=19793"},{"taxonomy":"categoria_noticias","embeddable":true,"href":"https:\/\/portal.fgeo.gob.mx\/index.php\/wp-json\/wp\/v2\/categoria_noticias?post=19793"}],"curies":[{"name":"wp","href":"https:\/\/api.w.org\/{rel}","templated":true}]}}