{"id":19754,"date":"2025-12-03T12:06:46","date_gmt":"2025-12-03T18:06:46","guid":{"rendered":"https:\/\/portal.fgeo.gob.mx\/?post_type=noticias&#038;p=19754"},"modified":"2025-12-03T12:06:46","modified_gmt":"2025-12-03T18:06:46","slug":"boletin-1991-fiscalia-de-oaxaca-obtiene-vinculacion-a-proceso-y-prision-preventiva-contra-tres-detenidos-por-narcomenudeo-afuera-de-una-escuela-secundaria-en-la-zona-metropolitana","status":"publish","type":"noticias","link":"https:\/\/portal.fgeo.gob.mx\/index.php\/archivos\/noticias\/boletin-1991-fiscalia-de-oaxaca-obtiene-vinculacion-a-proceso-y-prision-preventiva-contra-tres-detenidos-por-narcomenudeo-afuera-de-una-escuela-secundaria-en-la-zona-metropolitana","title":{"rendered":"BOLET\u00cdN 1,991.- Fiscal\u00eda de Oaxaca obtiene vinculaci\u00f3n a proceso y prisi\u00f3n preventiva contra tres detenidos por narcomenudeo afuera de una Escuela Secundaria en la Zona Metropolitana\u00a0"},"content":{"rendered":"\n<p><strong>Oaxaca de Ju\u00e1rez, Oax. 03 de diciembre de 2025.-<\/strong> Como resultado de trabajos de investigaci\u00f3n ministerial en delitos de alto impacto, la Fiscal\u00eda General del Estado de Oaxaca (FGEO) obtuvo auto de vinculaci\u00f3n a proceso y prisi\u00f3n preventiva contra tres personas del sexo masculino identificados como J.A.O.V., A.L.G. y F.M.V., por el delito contra la salud en su modalidad de narcomenudeo en la hip\u00f3tesis de suministro de metanfetamina y marihuana (cannabis sativa), hechos ocurridos en la regi\u00f3n de los Valles Centrales.<\/p>\n\n\n\n<p>De acuerdo con el expediente penal, los sujetos fueron detenidos en inmediaciones de una Escuela Secundaria T\u00e9cnica del municipio de Santa Mar\u00eda Coyotepec, acci\u00f3n realizada por elementos de la Agencia Estatal de Investigaciones (AEI), adscritos a la Vicefiscal\u00eda Regional de Valles Centrales, luego de realizar una revisi\u00f3n de rutina tras observarlos discutiendo en la v\u00eda p\u00fablica.<\/p>\n\n\n\n<p>El informe policial detalla que los imputados adoptaron una actitud agresiva al notar la presencia policial, lo que deriv\u00f3 en una inspecci\u00f3n durante la cual aseguraron decenas de dosis de metanfetamina y cannabis sativa, por lo que fueron detenidos y presentados ante la autoridad correspondiente.<\/p>\n\n\n\n<p>Durante la audiencia, y tras el desahogo de las pruebas presentadas por la FGEO, el Juez de Control dict\u00f3 auto de vinculaci\u00f3n a proceso contra J.A.O.V., A.L.G. y F.M.V. por el delito contra la salud en su modalidad de narcomenudeo en la hip\u00f3tesis de suministro de metanfetamina y cannabis sativa, adem\u00e1s de imponer la medida cautelar de prisi\u00f3n preventiva justificada en el penal de Tanivet y conceder el plazo de un mes para el cierre de la investigaci\u00f3n complementaria.<\/p>\n\n\n\n<p>La Fiscal\u00eda General del Estado de Oaxaca reitera su compromiso de combatir los delitos contra la salud que afectan el tejido social y ponen en riesgo el bienestar de la poblaci\u00f3n oaxaque\u00f1a.<\/p>\n\n\n\n<figure class=\"wp-block-image size-full\"><img fetchpriority=\"high\" decoding=\"async\" width=\"784\" height=\"691\" src=\"https:\/\/portal.fgeo.gob.mx\/minio\/pagina\/wp-content\/uploads\/2025\/12\/Diseno-sin-titulo-2-1.jpg\" alt=\"\" class=\"wp-image-19755\" srcset=\"https:\/\/portal.fgeo.gob.mx\/minio\/pagina\/wp-content\/uploads\/2025\/12\/Diseno-sin-titulo-2-1.jpg 784w, https:\/\/portal.fgeo.gob.mx\/minio\/pagina\/wp-content\/uploads\/2025\/12\/Diseno-sin-titulo-2-1-300x264.jpg 300w, https:\/\/portal.fgeo.gob.mx\/minio\/pagina\/wp-content\/uploads\/2025\/12\/Diseno-sin-titulo-2-1-768x677.jpg 768w\" sizes=\"(max-width: 784px) 100vw, 784px\" \/><\/figure>\n\n\n\n<figure class=\"wp-block-gallery has-nested-images columns-default is-cropped wp-block-gallery-1 is-layout-flex wp-block-gallery-is-layout-flex\"><\/figure>\n\n\n\n<figure class=\"wp-block-image size-full is-resized\"><img decoding=\"async\" width=\"628\" height=\"818\" src=\"https:\/\/portal.fgeo.gob.mx\/minio\/pagina\/wp-content\/uploads\/2025\/12\/Diseno-sin-titulo.png\" alt=\"\" class=\"wp-image-19757\" style=\"width:246px;height:auto\" srcset=\"https:\/\/portal.fgeo.gob.mx\/minio\/pagina\/wp-content\/uploads\/2025\/12\/Diseno-sin-titulo.png 628w, https:\/\/portal.fgeo.gob.mx\/minio\/pagina\/wp-content\/uploads\/2025\/12\/Diseno-sin-titulo-230x300.png 230w\" sizes=\"(max-width: 628px) 100vw, 628px\" \/><\/figure>\n\n\n\n<figure class=\"wp-block-image size-full\"><img decoding=\"async\" width=\"250\" height=\"272\" src=\"https:\/\/portal.fgeo.gob.mx\/minio\/pagina\/wp-content\/uploads\/2025\/12\/Diseno-sin-titulo-4.jpg\" alt=\"\" class=\"wp-image-19759\" \/><\/figure>\n\n\n\n<figure class=\"wp-block-image size-full\"><img loading=\"lazy\" decoding=\"async\" width=\"250\" height=\"272\" src=\"https:\/\/portal.fgeo.gob.mx\/minio\/pagina\/wp-content\/uploads\/2025\/12\/Diseno-sin-titulo-1-3.jpg\" alt=\"\" class=\"wp-image-19760\" \/><\/figure>\n","protected":false},"author":2,"featured_media":0,"comment_status":"closed","ping_status":"closed","template":"","tags":[],"categoria_noticias":[],"class_list":["post-19754","noticias","type-noticias","status-publish","hentry"],"acf":[],"mb":[],"mfb_rest_fields":["title","gutenberg_elementor_mode"],"_links":{"self":[{"href":"https:\/\/portal.fgeo.gob.mx\/index.php\/wp-json\/wp\/v2\/noticias\/19754","targetHints":{"allow":["GET"]}}],"collection":[{"href":"https:\/\/portal.fgeo.gob.mx\/index.php\/wp-json\/wp\/v2\/noticias"}],"about":[{"href":"https:\/\/portal.fgeo.gob.mx\/index.php\/wp-json\/wp\/v2\/types\/noticias"}],"author":[{"embeddable":true,"href":"https:\/\/portal.fgeo.gob.mx\/index.php\/wp-json\/wp\/v2\/users\/2"}],"replies":[{"embeddable":true,"href":"https:\/\/portal.fgeo.gob.mx\/index.php\/wp-json\/wp\/v2\/comments?post=19754"}],"wp:attachment":[{"href":"https:\/\/portal.fgeo.gob.mx\/index.php\/wp-json\/wp\/v2\/media?parent=19754"}],"wp:term":[{"taxonomy":"post_tag","embeddable":true,"href":"https:\/\/portal.fgeo.gob.mx\/index.php\/wp-json\/wp\/v2\/tags?post=19754"},{"taxonomy":"categoria_noticias","embeddable":true,"href":"https:\/\/portal.fgeo.gob.mx\/index.php\/wp-json\/wp\/v2\/categoria_noticias?post=19754"}],"curies":[{"name":"wp","href":"https:\/\/api.w.org\/{rel}","templated":true}]}}