{"id":19723,"date":"2025-12-03T09:31:58","date_gmt":"2025-12-03T15:31:58","guid":{"rendered":"https:\/\/portal.fgeo.gob.mx\/?post_type=noticias&#038;p=19723"},"modified":"2025-12-03T09:31:58","modified_gmt":"2025-12-03T15:31:58","slug":"boletin-1990-fiscalia-de-oaxaca-ejecuta-orden-de-aprehension-y-detiene-a-ex-policia-municipal-de-jocotepec-por-triple-homicidio-ocurrido-en-la-region-de-la-cuenca","status":"publish","type":"noticias","link":"https:\/\/portal.fgeo.gob.mx\/index.php\/archivos\/noticias\/boletin-1990-fiscalia-de-oaxaca-ejecuta-orden-de-aprehension-y-detiene-a-ex-policia-municipal-de-jocotepec-por-triple-homicidio-ocurrido-en-la-region-de-la-cuenca","title":{"rendered":"BOLET\u00cdN 1,990.- Fiscal\u00eda de Oaxaca ejecuta orden de aprehensi\u00f3n y detiene a ex polic\u00eda municipal de Jocotepec por triple homicidio ocurrido en la regi\u00f3n de la Cuenca"},"content":{"rendered":"\n<p><strong>Oaxaca de Ju\u00e1rez, Oax. 03 de diciembre de 2025.-<\/strong> Las investigaciones ministeriales a cargo de la Fiscal\u00eda General del Estado de Oaxaca (FGEO) hicieron posible la ejecuci\u00f3n de una orden de aprehensi\u00f3n en contra de una persona del sexo masculino identificada como L.L.A., por el delito de homicidio calificado con ventaja de tres personas, cometido en la regi\u00f3n de la Cuenca del Papaloapan.<\/p>\n\n\n\n<p>De acuerdo con el expediente penal, los hechos ocurrieron el 12 de noviembre de 2022, cuando las v\u00edctimas identificadas como R.N.M., H.J.L.C., y J.C.G.M., y otra persona m\u00e1s, fueron interceptadas por un grupo de hombres armados cuando circulaban a bordo de una unidad de motor por la carretera local de Ayotzintepec, a la altura de la colonia Esc\u00e1rcega perteneciente a San Antonio Las Palmas jurisdicci\u00f3n de Santiago Jocotepec.<\/p>\n\n\n\n<p>La investigaci\u00f3n establece que una vez interceptadas, las v\u00edctimas fueron sometidas para despu\u00e9s ser trasladadas en la batea de la camioneta hacia un lugar desconocido.<\/p>\n\n\n\n<p>Cuando la Fiscal\u00eda de Oaxaca tom\u00f3 conocimiento del caso, despleg\u00f3 de inmediato un equipo especializado de la Vicefiscal\u00eda Regional de la Cuenca, hallando cerca del lugar de los hechos, los tres cuerpos de las v\u00edctimas sin vida, los cuales presentaban lesiones por arma de fuego.<\/p>\n\n\n\n<p>Derivado de estos hechos, la FGEO recab\u00f3 todos los indicios necesarios que permitieron obtener las \u00f3rdenes de aprehensi\u00f3n respectivas logrando con ello, la detenci\u00f3n de L.L.A., quien en la \u00e9poca de los hechos se desempe\u00f1aba como polic\u00eda municipal de Santiago Jocotepec.<\/p>\n\n\n\n<p>&nbsp;Agentes Estatales de Investigaci\u00f3n (AEI) detuvieron a L.L.A., cuando caminaba por la carretera local a Ayotzintepec en inmediaciones de un restaurante conocido como &#8220;La Herradura&#8221;.<\/p>\n\n\n\n<p>Una vez detenido, L.L.A., fue puesto a disposici\u00f3n de la autoridad que lo requiri\u00f3 para determinar su situaci\u00f3n jur\u00eddica legal.<\/p>\n\n\n\n<p>La Fiscal\u00eda General garantiza investigaciones exhaustivas para esclarecer delitos, aplicando todo el rigor de la Ley a quien o quienes resulten responsables.<\/p>\n\n\n\n<figure class=\"wp-block-image size-large\"><img fetchpriority=\"high\" decoding=\"async\" width=\"1024\" height=\"768\" src=\"https:\/\/portal.fgeo.gob.mx\/minio\/pagina\/wp-content\/uploads\/2025\/12\/WhatsApp-Image-2025-12-03-at-9.19.11-AM-1024x768.jpeg\" alt=\"\" class=\"wp-image-19724\" srcset=\"https:\/\/portal.fgeo.gob.mx\/minio\/pagina\/wp-content\/uploads\/2025\/12\/WhatsApp-Image-2025-12-03-at-9.19.11-AM-1024x768.jpeg 1024w, https:\/\/portal.fgeo.gob.mx\/minio\/pagina\/wp-content\/uploads\/2025\/12\/WhatsApp-Image-2025-12-03-at-9.19.11-AM-300x225.jpeg 300w, https:\/\/portal.fgeo.gob.mx\/minio\/pagina\/wp-content\/uploads\/2025\/12\/WhatsApp-Image-2025-12-03-at-9.19.11-AM-768x576.jpeg 768w, https:\/\/portal.fgeo.gob.mx\/minio\/pagina\/wp-content\/uploads\/2025\/12\/WhatsApp-Image-2025-12-03-at-9.19.11-AM.jpeg 1280w\" sizes=\"(max-width: 1024px) 100vw, 1024px\" \/><\/figure>\n\n\n\n<figure class=\"wp-block-image size-full\"><img decoding=\"async\" width=\"556\" height=\"428\" src=\"https:\/\/portal.fgeo.gob.mx\/minio\/pagina\/wp-content\/uploads\/2025\/12\/WhatsApp-Image-2025-12-03-at-9.19.11-AM-1.jpeg\" alt=\"\" class=\"wp-image-19725\" srcset=\"https:\/\/portal.fgeo.gob.mx\/minio\/pagina\/wp-content\/uploads\/2025\/12\/WhatsApp-Image-2025-12-03-at-9.19.11-AM-1.jpeg 556w, https:\/\/portal.fgeo.gob.mx\/minio\/pagina\/wp-content\/uploads\/2025\/12\/WhatsApp-Image-2025-12-03-at-9.19.11-AM-1-300x231.jpeg 300w\" sizes=\"(max-width: 556px) 100vw, 556px\" \/><\/figure>\n","protected":false},"author":2,"featured_media":0,"comment_status":"closed","ping_status":"closed","template":"","tags":[],"categoria_noticias":[],"class_list":["post-19723","noticias","type-noticias","status-publish","hentry"],"acf":[],"mb":[],"mfb_rest_fields":["title","gutenberg_elementor_mode"],"_links":{"self":[{"href":"https:\/\/portal.fgeo.gob.mx\/index.php\/wp-json\/wp\/v2\/noticias\/19723","targetHints":{"allow":["GET"]}}],"collection":[{"href":"https:\/\/portal.fgeo.gob.mx\/index.php\/wp-json\/wp\/v2\/noticias"}],"about":[{"href":"https:\/\/portal.fgeo.gob.mx\/index.php\/wp-json\/wp\/v2\/types\/noticias"}],"author":[{"embeddable":true,"href":"https:\/\/portal.fgeo.gob.mx\/index.php\/wp-json\/wp\/v2\/users\/2"}],"replies":[{"embeddable":true,"href":"https:\/\/portal.fgeo.gob.mx\/index.php\/wp-json\/wp\/v2\/comments?post=19723"}],"wp:attachment":[{"href":"https:\/\/portal.fgeo.gob.mx\/index.php\/wp-json\/wp\/v2\/media?parent=19723"}],"wp:term":[{"taxonomy":"post_tag","embeddable":true,"href":"https:\/\/portal.fgeo.gob.mx\/index.php\/wp-json\/wp\/v2\/tags?post=19723"},{"taxonomy":"categoria_noticias","embeddable":true,"href":"https:\/\/portal.fgeo.gob.mx\/index.php\/wp-json\/wp\/v2\/categoria_noticias?post=19723"}],"curies":[{"name":"wp","href":"https:\/\/api.w.org\/{rel}","templated":true}]}}