{"id":19721,"date":"2025-12-02T18:00:00","date_gmt":"2025-12-03T00:00:00","guid":{"rendered":"https:\/\/portal.fgeo.gob.mx\/?post_type=noticias&#038;p=19721"},"modified":"2025-12-08T10:50:34","modified_gmt":"2025-12-08T16:50:34","slug":"boletin-1989-fgeo-obtiene-sentencia-de-33-anos-de-prision-contra-responsable-de-violacion-en-agravio-de-una-nina-en-la-region-de-la-costa","status":"publish","type":"noticias","link":"https:\/\/portal.fgeo.gob.mx\/index.php\/archivos\/noticias\/boletin-1989-fgeo-obtiene-sentencia-de-33-anos-de-prision-contra-responsable-de-violacion-en-agravio-de-una-nina-en-la-region-de-la-costa","title":{"rendered":"BOLET\u00cdN 1,989.- FGEO obtiene sentencia de 33 a\u00f1os de prisi\u00f3n contra responsable de violaci\u00f3n en agravio de una ni\u00f1a, en la regi\u00f3n de la Costa"},"content":{"rendered":"\n<p><strong>Oaxaca de Ju\u00e1rez, Oax. 02 de diciembre de 2025.-<\/strong> Como parte de la estrategia de combate a los delitos cometidos en contra de ni\u00f1as, ni\u00f1os, adolescentes y mujeres, la Fiscal\u00eda General del Estado de Oaxaca (FGEO) obtuvo una sentencia condenatoria de 33 a\u00f1os de prisi\u00f3n contra una persona del sexo masculino identificada como Alejandro R.H.R., por el delito de violaci\u00f3n equiparada agravada cometido en agravio de una menor de edad, en la regi\u00f3n de la Costa.<\/p>\n\n\n\n<p>De acuerdo con el expediente penal, los hechos ocurrieron el 18 de junio de 2023 en un terreno de cultivo ubicado en jurisdicci\u00f3n de la agencia de San Felipe Tututepec, distrito de Juquila, donde el hoy sentenciado agredi\u00f3 sexualmente a la ni\u00f1a, quien entonces ten\u00eda cinco a\u00f1os de edad.<\/p>\n\n\n\n<p>Tras recibir la denuncia correspondiente, la Fiscal\u00eda de Oaxaca inici\u00f3 las investigaciones ministeriales con perspectiva de g\u00e9nero a trav\u00e9s de la Vicefiscal\u00eda Regional de la Costa, logrando la detenci\u00f3n de Alejandro R.H.R., quien fue puesto a disposici\u00f3n de la autoridad que lo requiri\u00f3.<\/p>\n\n\n\n<p>Gracias a los resultados obtenidos por la FGEO mediante un trabajo multidisciplinario, la autoridad judicial cont\u00f3 con los elementos suficientes para dictar una sentencia condenatoria de 33 a\u00f1os de prisi\u00f3n contra el responsable, adem\u00e1s de imponer el pago de una multa econ\u00f3mica y el pago de la reparaci\u00f3n del da\u00f1o.<\/p>\n\n\n\n<p>La Fiscal\u00eda de Oaxaca reitera que uno de sus ejes rectores es garantizar una vida libre de violencia para ni\u00f1as, ni\u00f1os y adolescentes, mediante mecanismos de procuraci\u00f3n de justicia a cargo de \u00e1reas especializadas y debidamente capacitadas para atender estos casos.<\/p>\n\n\n\n<figure class=\"wp-block-image size-large\"><img fetchpriority=\"high\" decoding=\"async\" width=\"683\" height=\"1024\" src=\"https:\/\/portal.fgeo.gob.mx\/minio\/pagina\/wp-content\/uploads\/2025\/12\/Diseno-sin-titulo-3-683x1024.jpg\" alt=\"\" class=\"wp-image-19722\" srcset=\"https:\/\/portal.fgeo.gob.mx\/minio\/pagina\/wp-content\/uploads\/2025\/12\/Diseno-sin-titulo-3-683x1024.jpg 683w, https:\/\/portal.fgeo.gob.mx\/minio\/pagina\/wp-content\/uploads\/2025\/12\/Diseno-sin-titulo-3-200x300.jpg 200w, https:\/\/portal.fgeo.gob.mx\/minio\/pagina\/wp-content\/uploads\/2025\/12\/Diseno-sin-titulo-3.jpg 720w\" sizes=\"(max-width: 683px) 100vw, 683px\" \/><\/figure>\n","protected":false},"author":2,"featured_media":0,"comment_status":"closed","ping_status":"closed","template":"","tags":[],"categoria_noticias":[],"class_list":["post-19721","noticias","type-noticias","status-publish","hentry"],"acf":[],"mb":[],"mfb_rest_fields":["title","gutenberg_elementor_mode"],"_links":{"self":[{"href":"https:\/\/portal.fgeo.gob.mx\/index.php\/wp-json\/wp\/v2\/noticias\/19721","targetHints":{"allow":["GET"]}}],"collection":[{"href":"https:\/\/portal.fgeo.gob.mx\/index.php\/wp-json\/wp\/v2\/noticias"}],"about":[{"href":"https:\/\/portal.fgeo.gob.mx\/index.php\/wp-json\/wp\/v2\/types\/noticias"}],"author":[{"embeddable":true,"href":"https:\/\/portal.fgeo.gob.mx\/index.php\/wp-json\/wp\/v2\/users\/2"}],"replies":[{"embeddable":true,"href":"https:\/\/portal.fgeo.gob.mx\/index.php\/wp-json\/wp\/v2\/comments?post=19721"}],"wp:attachment":[{"href":"https:\/\/portal.fgeo.gob.mx\/index.php\/wp-json\/wp\/v2\/media?parent=19721"}],"wp:term":[{"taxonomy":"post_tag","embeddable":true,"href":"https:\/\/portal.fgeo.gob.mx\/index.php\/wp-json\/wp\/v2\/tags?post=19721"},{"taxonomy":"categoria_noticias","embeddable":true,"href":"https:\/\/portal.fgeo.gob.mx\/index.php\/wp-json\/wp\/v2\/categoria_noticias?post=19721"}],"curies":[{"name":"wp","href":"https:\/\/api.w.org\/{rel}","templated":true}]}}