{"id":19719,"date":"2025-12-02T15:07:34","date_gmt":"2025-12-02T21:07:34","guid":{"rendered":"https:\/\/portal.fgeo.gob.mx\/?post_type=noticias&#038;p=19719"},"modified":"2025-12-02T15:07:34","modified_gmt":"2025-12-02T21:07:34","slug":"boletin-1988-fiscalia-de-oaxaca-ejecuta-orden-de-aprehension-por-despojo-agravado-de-un-terreno-cometido-por-un-grupo-de-personas-en-el-istmo-de-tehuantepec","status":"publish","type":"noticias","link":"https:\/\/portal.fgeo.gob.mx\/index.php\/archivos\/noticias\/boletin-1988-fiscalia-de-oaxaca-ejecuta-orden-de-aprehension-por-despojo-agravado-de-un-terreno-cometido-por-un-grupo-de-personas-en-el-istmo-de-tehuantepec","title":{"rendered":"BOLET\u00cdN 1,988.- Fiscal\u00eda de Oaxaca ejecuta orden de aprehensi\u00f3n por despojo agravado de un terreno, cometido por un grupo de personas en el Istmo de Tehuantepec"},"content":{"rendered":"\n<p><strong>Oaxaca de Ju\u00e1rez, Oax. 02 de diciembre de 2025.-<\/strong>Como resultado del trabajo de investigaci\u00f3n ministerial, la Fiscal\u00eda General del Estado de Oaxaca (FGEO) ejecut\u00f3 una orden de aprehensi\u00f3n contra una persona del sexo masculino identificada como M.J. o M.J.R., por el delito de Despojo Agravado en perjuicio patrimonial de S.V.E., hechos ocurridos en la regi\u00f3n del Istmo.<\/p>\n\n\n\n<p>De acuerdo con la causa penal, el 27 de marzo de 2025, la v\u00edctima lleg\u00f3 a su domicilio ubicado en Ciudad Ixtepec y encontr\u00f3 la entrada bloqueada con material para la construcci\u00f3n.<\/p>\n\n\n\n<p>La investigaci\u00f3n revela que, al ingresar a su propiedad, la v\u00edctima observ\u00f3 en el patio a un grupo de personas que lo amenazaron para impedirle el acceso, con el prop\u00f3sito de tomar posesi\u00f3n del inmueble. Ante esta situaci\u00f3n, la v\u00edctima decidi\u00f3 retirarse del lugar.<\/p>\n\n\n\n<p>Tras la denuncia presentada, la instituci\u00f3n de procuraci\u00f3n de justicia inici\u00f3 una exhaustiva investigaci\u00f3n -a trav\u00e9s de la Vicefiscal\u00eda Regional del Istmo- que permiti\u00f3 la aprehensi\u00f3n de M.J. o M.J.R., quien se encuentra en espera de que se determine su situaci\u00f3n legal.<\/p>\n\n\n\n<p>La Fiscal\u00eda General del Estado de Oaxaca reitera su compromiso de garantizar justicia plena a las v\u00edctimas de delito, aplicando todo el rigor de la ley a quien o quienes resulten responsables.<\/p>\n\n\n\n<figure class=\"wp-block-image size-large\"><img fetchpriority=\"high\" decoding=\"async\" width=\"730\" height=\"1024\" src=\"https:\/\/portal.fgeo.gob.mx\/minio\/pagina\/wp-content\/uploads\/2025\/12\/Diseno-sin-titulo-2-730x1024.jpg\" alt=\"\" class=\"wp-image-19720\" srcset=\"https:\/\/portal.fgeo.gob.mx\/minio\/pagina\/wp-content\/uploads\/2025\/12\/Diseno-sin-titulo-2-730x1024.jpg 730w, https:\/\/portal.fgeo.gob.mx\/minio\/pagina\/wp-content\/uploads\/2025\/12\/Diseno-sin-titulo-2-214x300.jpg 214w, https:\/\/portal.fgeo.gob.mx\/minio\/pagina\/wp-content\/uploads\/2025\/12\/Diseno-sin-titulo-2-768x1078.jpg 768w, https:\/\/portal.fgeo.gob.mx\/minio\/pagina\/wp-content\/uploads\/2025\/12\/Diseno-sin-titulo-2.jpg 912w\" sizes=\"(max-width: 730px) 100vw, 730px\" \/><figcaption class=\"wp-element-caption\">Dise\u00f1o sin t\u00edtulo &#8211; 1<\/figcaption><\/figure>\n","protected":false},"author":2,"featured_media":0,"comment_status":"closed","ping_status":"closed","template":"","tags":[],"categoria_noticias":[],"class_list":["post-19719","noticias","type-noticias","status-publish","hentry"],"acf":[],"mb":[],"mfb_rest_fields":["title","gutenberg_elementor_mode"],"_links":{"self":[{"href":"https:\/\/portal.fgeo.gob.mx\/index.php\/wp-json\/wp\/v2\/noticias\/19719","targetHints":{"allow":["GET"]}}],"collection":[{"href":"https:\/\/portal.fgeo.gob.mx\/index.php\/wp-json\/wp\/v2\/noticias"}],"about":[{"href":"https:\/\/portal.fgeo.gob.mx\/index.php\/wp-json\/wp\/v2\/types\/noticias"}],"author":[{"embeddable":true,"href":"https:\/\/portal.fgeo.gob.mx\/index.php\/wp-json\/wp\/v2\/users\/2"}],"replies":[{"embeddable":true,"href":"https:\/\/portal.fgeo.gob.mx\/index.php\/wp-json\/wp\/v2\/comments?post=19719"}],"wp:attachment":[{"href":"https:\/\/portal.fgeo.gob.mx\/index.php\/wp-json\/wp\/v2\/media?parent=19719"}],"wp:term":[{"taxonomy":"post_tag","embeddable":true,"href":"https:\/\/portal.fgeo.gob.mx\/index.php\/wp-json\/wp\/v2\/tags?post=19719"},{"taxonomy":"categoria_noticias","embeddable":true,"href":"https:\/\/portal.fgeo.gob.mx\/index.php\/wp-json\/wp\/v2\/categoria_noticias?post=19719"}],"curies":[{"name":"wp","href":"https:\/\/api.w.org\/{rel}","templated":true}]}}