{"id":19675,"date":"2025-12-01T17:00:00","date_gmt":"2025-12-01T23:00:00","guid":{"rendered":"https:\/\/portal.fgeo.gob.mx\/?post_type=noticias&#038;p=19675"},"modified":"2025-12-02T10:10:36","modified_gmt":"2025-12-02T16:10:36","slug":"boletin-1985-fiscalia-de-oaxaca-atiende-denuncia-de-crueldad-animal-y-logra-el-recate-de-perros-gatos-y-patos-de-un-domicilio-en-la-region-del-istmo","status":"publish","type":"noticias","link":"https:\/\/portal.fgeo.gob.mx\/index.php\/archivos\/noticias\/boletin-1985-fiscalia-de-oaxaca-atiende-denuncia-de-crueldad-animal-y-logra-el-recate-de-perros-gatos-y-patos-de-un-domicilio-en-la-region-del-istmo","title":{"rendered":"BOLET\u00cdN 1,985.- Fiscal\u00eda de Oaxaca atiende denuncia de crueldad animal y logra el recate de perros, gatos y patos de un domicilio en la regi\u00f3n del Istmo"},"content":{"rendered":"\n<p><strong>Oaxaca de Ju\u00e1rez, Oax. 01 de diciembre de 2025.-<\/strong>&nbsp;La Fiscal\u00eda General del Estado de Oaxaca (FGEO) realiz\u00f3 las acciones necesarias para atender un reporte sobre varios animales que se encontraban en malas condiciones de salud, derivado de un posible caso de crueldad animal ocurrido en la regi\u00f3n del Istmo de Tehuantepec.<\/p>\n\n\n\n<p>En atenci\u00f3n a una denuncia ciudadana difundida en redes sociales, la FGEO tom\u00f3 conocimiento de que varios animales se encontraban sin alimento y con signos de deterioro f\u00edsico al interior de un domicilio ubicado en el municipio de El Espinal.<\/p>\n\n\n\n<p>Gracias a la intervenci\u00f3n de la Vicefiscal\u00eda Regional del Istmo y de la Agencia Estatal de Investigaciones (AEI), fue posible acudir al inmueble para verificar las condiciones en las que se encontraban los animales.<\/p>\n\n\n\n<p>Tras brindar atenci\u00f3n inicial, la Fiscal\u00eda de Oaxaca realiz\u00f3 el rescate de perros, patos, gallinas y gatos, los cuales fueron canalizados para la certificaci\u00f3n de su estado de salud y posterior atenci\u00f3n.<\/p>\n\n\n\n<p>Como parte de la estrategia integral de prevenci\u00f3n del delito de maltrato animal, la Fiscal\u00eda General del Estado de Oaxaca reafirma su compromiso de atender todas las denuncias relacionadas con esta conducta, tipificada en el C\u00f3digo Penal del Estado de Oaxaca.<\/p>\n\n\n\n<figure class=\"wp-block-gallery has-nested-images columns-default is-cropped wp-block-gallery-1 is-layout-flex wp-block-gallery-is-layout-flex\">\n<figure class=\"wp-block-image size-large\"><img fetchpriority=\"high\" decoding=\"async\" width=\"576\" height=\"1024\" data-id=\"19679\" src=\"https:\/\/portal.fgeo.gob.mx\/minio\/pagina\/wp-content\/uploads\/2025\/12\/WhatsApp-Image-2025-12-01-at-12.36.11-PM-576x1024.jpeg\" alt=\"\" class=\"wp-image-19679\" srcset=\"https:\/\/portal.fgeo.gob.mx\/minio\/pagina\/wp-content\/uploads\/2025\/12\/WhatsApp-Image-2025-12-01-at-12.36.11-PM-576x1024.jpeg 576w, https:\/\/portal.fgeo.gob.mx\/minio\/pagina\/wp-content\/uploads\/2025\/12\/WhatsApp-Image-2025-12-01-at-12.36.11-PM-169x300.jpeg 169w, https:\/\/portal.fgeo.gob.mx\/minio\/pagina\/wp-content\/uploads\/2025\/12\/WhatsApp-Image-2025-12-01-at-12.36.11-PM-768x1366.jpeg 768w, https:\/\/portal.fgeo.gob.mx\/minio\/pagina\/wp-content\/uploads\/2025\/12\/WhatsApp-Image-2025-12-01-at-12.36.11-PM-864x1536.jpeg 864w, https:\/\/portal.fgeo.gob.mx\/minio\/pagina\/wp-content\/uploads\/2025\/12\/WhatsApp-Image-2025-12-01-at-12.36.11-PM.jpeg 899w\" sizes=\"(max-width: 576px) 100vw, 576px\" \/><\/figure>\n<\/figure>\n\n\n\n<figure class=\"wp-block-image alignleft size-large is-resized\"><img decoding=\"async\" width=\"576\" height=\"1024\" src=\"https:\/\/portal.fgeo.gob.mx\/minio\/pagina\/wp-content\/uploads\/2025\/12\/WhatsApp-Image-2025-12-01-at-12.36.11-PM-1-576x1024.jpeg\" alt=\"\" class=\"wp-image-19678\" style=\"width:200px;height:auto\" srcset=\"https:\/\/portal.fgeo.gob.mx\/minio\/pagina\/wp-content\/uploads\/2025\/12\/WhatsApp-Image-2025-12-01-at-12.36.11-PM-1-576x1024.jpeg 576w, https:\/\/portal.fgeo.gob.mx\/minio\/pagina\/wp-content\/uploads\/2025\/12\/WhatsApp-Image-2025-12-01-at-12.36.11-PM-1-169x300.jpeg 169w, https:\/\/portal.fgeo.gob.mx\/minio\/pagina\/wp-content\/uploads\/2025\/12\/WhatsApp-Image-2025-12-01-at-12.36.11-PM-1-768x1366.jpeg 768w, https:\/\/portal.fgeo.gob.mx\/minio\/pagina\/wp-content\/uploads\/2025\/12\/WhatsApp-Image-2025-12-01-at-12.36.11-PM-1-864x1536.jpeg 864w, https:\/\/portal.fgeo.gob.mx\/minio\/pagina\/wp-content\/uploads\/2025\/12\/WhatsApp-Image-2025-12-01-at-12.36.11-PM-1.jpeg 899w\" sizes=\"(max-width: 576px) 100vw, 576px\" \/><\/figure>\n\n\n\n<figure class=\"wp-block-gallery has-nested-images columns-default is-cropped wp-block-gallery-2 is-layout-flex wp-block-gallery-is-layout-flex\">\n<figure class=\"wp-block-image size-large\"><img decoding=\"async\" width=\"1024\" height=\"576\" data-id=\"19677\" src=\"https:\/\/portal.fgeo.gob.mx\/minio\/pagina\/wp-content\/uploads\/2025\/12\/WhatsApp-Image-2025-12-01-at-12.36.11-PM-2-1024x576.jpeg\" alt=\"\" class=\"wp-image-19677\" srcset=\"https:\/\/portal.fgeo.gob.mx\/minio\/pagina\/wp-content\/uploads\/2025\/12\/WhatsApp-Image-2025-12-01-at-12.36.11-PM-2-1024x576.jpeg 1024w, https:\/\/portal.fgeo.gob.mx\/minio\/pagina\/wp-content\/uploads\/2025\/12\/WhatsApp-Image-2025-12-01-at-12.36.11-PM-2-300x169.jpeg 300w, https:\/\/portal.fgeo.gob.mx\/minio\/pagina\/wp-content\/uploads\/2025\/12\/WhatsApp-Image-2025-12-01-at-12.36.11-PM-2-768x432.jpeg 768w, https:\/\/portal.fgeo.gob.mx\/minio\/pagina\/wp-content\/uploads\/2025\/12\/WhatsApp-Image-2025-12-01-at-12.36.11-PM-2-1536x864.jpeg 1536w, https:\/\/portal.fgeo.gob.mx\/minio\/pagina\/wp-content\/uploads\/2025\/12\/WhatsApp-Image-2025-12-01-at-12.36.11-PM-2.jpeg 1599w\" sizes=\"(max-width: 1024px) 100vw, 1024px\" \/><\/figure>\n<\/figure>\n\n\n\n<figure class=\"wp-block-gallery has-nested-images columns-default is-cropped wp-block-gallery-3 is-layout-flex wp-block-gallery-is-layout-flex\">\n<figure class=\"wp-block-image size-large\"><img loading=\"lazy\" decoding=\"async\" width=\"892\" height=\"1024\" data-id=\"19680\" src=\"https:\/\/portal.fgeo.gob.mx\/minio\/pagina\/wp-content\/uploads\/2025\/12\/WhatsApp-Image-2025-12-01-at-12.36.12-PM-1-892x1024.jpeg\" alt=\"\" class=\"wp-image-19680\" srcset=\"https:\/\/portal.fgeo.gob.mx\/minio\/pagina\/wp-content\/uploads\/2025\/12\/WhatsApp-Image-2025-12-01-at-12.36.12-PM-1-892x1024.jpeg 892w, https:\/\/portal.fgeo.gob.mx\/minio\/pagina\/wp-content\/uploads\/2025\/12\/WhatsApp-Image-2025-12-01-at-12.36.12-PM-1-261x300.jpeg 261w, https:\/\/portal.fgeo.gob.mx\/minio\/pagina\/wp-content\/uploads\/2025\/12\/WhatsApp-Image-2025-12-01-at-12.36.12-PM-1-768x882.jpeg 768w, https:\/\/portal.fgeo.gob.mx\/minio\/pagina\/wp-content\/uploads\/2025\/12\/WhatsApp-Image-2025-12-01-at-12.36.12-PM-1.jpeg 899w\" sizes=\"(max-width: 892px) 100vw, 892px\" \/><\/figure>\n<\/figure>\n","protected":false},"author":2,"featured_media":0,"comment_status":"closed","ping_status":"closed","template":"","tags":[],"categoria_noticias":[],"class_list":["post-19675","noticias","type-noticias","status-publish","hentry"],"acf":[],"mb":[],"mfb_rest_fields":["title","gutenberg_elementor_mode"],"_links":{"self":[{"href":"https:\/\/portal.fgeo.gob.mx\/index.php\/wp-json\/wp\/v2\/noticias\/19675","targetHints":{"allow":["GET"]}}],"collection":[{"href":"https:\/\/portal.fgeo.gob.mx\/index.php\/wp-json\/wp\/v2\/noticias"}],"about":[{"href":"https:\/\/portal.fgeo.gob.mx\/index.php\/wp-json\/wp\/v2\/types\/noticias"}],"author":[{"embeddable":true,"href":"https:\/\/portal.fgeo.gob.mx\/index.php\/wp-json\/wp\/v2\/users\/2"}],"replies":[{"embeddable":true,"href":"https:\/\/portal.fgeo.gob.mx\/index.php\/wp-json\/wp\/v2\/comments?post=19675"}],"wp:attachment":[{"href":"https:\/\/portal.fgeo.gob.mx\/index.php\/wp-json\/wp\/v2\/media?parent=19675"}],"wp:term":[{"taxonomy":"post_tag","embeddable":true,"href":"https:\/\/portal.fgeo.gob.mx\/index.php\/wp-json\/wp\/v2\/tags?post=19675"},{"taxonomy":"categoria_noticias","embeddable":true,"href":"https:\/\/portal.fgeo.gob.mx\/index.php\/wp-json\/wp\/v2\/categoria_noticias?post=19675"}],"curies":[{"name":"wp","href":"https:\/\/api.w.org\/{rel}","templated":true}]}}