{"id":19664,"date":"2025-12-01T14:30:00","date_gmt":"2025-12-01T20:30:00","guid":{"rendered":"https:\/\/portal.fgeo.gob.mx\/?post_type=noticias&#038;p=19664"},"modified":"2025-12-01T15:07:42","modified_gmt":"2025-12-01T21:07:42","slug":"fiscalia-de-oaxaca-logra-prision-y-vinculacion-a-proceso-contra-integrantes-de-una-celula-dedicada-a-prestamos-abusivos-imputados-por-el-delito-de-extorsion","status":"publish","type":"noticias","link":"https:\/\/portal.fgeo.gob.mx\/index.php\/archivos\/noticias\/fiscalia-de-oaxaca-logra-prision-y-vinculacion-a-proceso-contra-integrantes-de-una-celula-dedicada-a-prestamos-abusivos-imputados-por-el-delito-de-extorsion","title":{"rendered":"BOLET\u00cdN 1,984.- Fiscal\u00eda de Oaxaca logra prisi\u00f3n y vinculaci\u00f3n a proceso contra integrantes de una c\u00e9lula dedicada a pr\u00e9stamos abusivos, imputados por el delito de extorsi\u00f3n"},"content":{"rendered":"\n<p><strong>Oaxaca de Ju\u00e1rez, Oax. 01 de diciembre de 2025.-<\/strong> Como parte de las labores de investigaci\u00f3n ministerial para el combate de los delitos de alto impacto, la Fiscal\u00eda General del Estado de Oaxaca (FGEO) obtuvo prisi\u00f3n y auto de vinculaci\u00f3n a proceso en contra de cuatro personas del sexo masculino identificadas como A.Y.L.J., M.J.M.R., M.J.G.J., y K.R.C.A., imputados por el delito de extorsi\u00f3n en perjuicio patrimonial de E.C.H.C., en hechos ocurridos en los Valles Centrales.<\/p>\n\n\n\n<p>Conforme a lo establecido en el expediente de la FGEO, los hechos ocurrieron la noche 05 de noviembre de 2025, cuando un grupo de personas lleg\u00f3 a bordo de un autom\u00f3vil al domicilio particular de la v\u00edctima, ubicado en la poblaci\u00f3n de Magdalena Apasco, Etla, donde exigieron el pago por un adeudo.<\/p>\n\n\n\n<p>La v\u00edctima realiz\u00f3 un pago, pero los agresores lo golpearon para despu\u00e9s amenazarlo con quemar su vivienda si se retrasaba en los pagos.<\/p>\n\n\n\n<p>Cuando la FGEO tuvo conocimiento de los hechos derivado de la denuncia, el caso qued\u00f3 a cargo de la Vicefiscal\u00eda General de Control Regional, que inici\u00f3 las investigaciones ministeriales y despleg\u00f3 un equipo multidisciplinario al lugar de los hechos.<\/p>\n\n\n\n<p>Una vez que los Agentes Estatales de Investigaci\u00f3n aseguraron indicios, se establecieron s\u00f3lidas l\u00edneas de investigaci\u00f3n que permitieron obtener las \u00f3rdenes de aprehensi\u00f3n.<\/p>\n\n\n\n<p>Posteriormente se realiz\u00f3 un operativo que permiti\u00f3 la detenci\u00f3n de los cuatro imputados identificados como A.Y.L.J., M.J.M.R., M.J.G.J. Y K.R.C.A., mismos que fueron puestos a disposici\u00f3n de la autoridad competente.<\/p>\n\n\n\n<p>Tras el desahogo de pruebas aportadas, el Juez de Control dict\u00f3 auto de vinculaci\u00f3n a proceso por el delito de extorsi\u00f3n en contra de los cuatro imputados e impuso prisi\u00f3n preventiva oficiosa otorgando un mes para el cierre de la investigaci\u00f3n.<\/p>\n\n\n\n<p>El empleo de protocolos de investigaci\u00f3n y la aplicaci\u00f3n de t\u00e9cnicas cient\u00edficas en las investigaciones de cr\u00edmenes, permiten a la Fiscal\u00eda de Oaxaca tener certeza en los trabajos de procuraci\u00f3n de justicia en el estado.<\/p>\n\n\n\n<figure class=\"wp-block-image size-large is-resized\"><img fetchpriority=\"high\" decoding=\"async\" width=\"1024\" height=\"1024\" src=\"https:\/\/portal.fgeo.gob.mx\/minio\/pagina\/wp-content\/uploads\/2025\/12\/WhatsApp-Image-2025-12-01-at-1.47.22-PM-1-1024x1024.jpeg\" alt=\"\" class=\"wp-image-19666\" style=\"width:280px;height:auto\" srcset=\"https:\/\/portal.fgeo.gob.mx\/minio\/pagina\/wp-content\/uploads\/2025\/12\/WhatsApp-Image-2025-12-01-at-1.47.22-PM-1-1024x1024.jpeg 1024w, https:\/\/portal.fgeo.gob.mx\/minio\/pagina\/wp-content\/uploads\/2025\/12\/WhatsApp-Image-2025-12-01-at-1.47.22-PM-1-300x300.jpeg 300w, https:\/\/portal.fgeo.gob.mx\/minio\/pagina\/wp-content\/uploads\/2025\/12\/WhatsApp-Image-2025-12-01-at-1.47.22-PM-1-150x150.jpeg 150w, https:\/\/portal.fgeo.gob.mx\/minio\/pagina\/wp-content\/uploads\/2025\/12\/WhatsApp-Image-2025-12-01-at-1.47.22-PM-1-768x768.jpeg 768w, https:\/\/portal.fgeo.gob.mx\/minio\/pagina\/wp-content\/uploads\/2025\/12\/WhatsApp-Image-2025-12-01-at-1.47.22-PM-1-1536x1536.jpeg 1536w, https:\/\/portal.fgeo.gob.mx\/minio\/pagina\/wp-content\/uploads\/2025\/12\/WhatsApp-Image-2025-12-01-at-1.47.22-PM-1.jpeg 1600w\" sizes=\"(max-width: 1024px) 100vw, 1024px\" \/><\/figure>\n\n\n\n<figure class=\"wp-block-image size-large is-resized\"><img decoding=\"async\" width=\"1024\" height=\"1024\" src=\"https:\/\/portal.fgeo.gob.mx\/minio\/pagina\/wp-content\/uploads\/2025\/12\/WhatsApp-Image-2025-12-01-at-1.47.22-PM-1024x1024.jpeg\" alt=\"\" class=\"wp-image-19667\" style=\"width:274px;height:auto\" srcset=\"https:\/\/portal.fgeo.gob.mx\/minio\/pagina\/wp-content\/uploads\/2025\/12\/WhatsApp-Image-2025-12-01-at-1.47.22-PM-1024x1024.jpeg 1024w, https:\/\/portal.fgeo.gob.mx\/minio\/pagina\/wp-content\/uploads\/2025\/12\/WhatsApp-Image-2025-12-01-at-1.47.22-PM-300x300.jpeg 300w, https:\/\/portal.fgeo.gob.mx\/minio\/pagina\/wp-content\/uploads\/2025\/12\/WhatsApp-Image-2025-12-01-at-1.47.22-PM-150x150.jpeg 150w, https:\/\/portal.fgeo.gob.mx\/minio\/pagina\/wp-content\/uploads\/2025\/12\/WhatsApp-Image-2025-12-01-at-1.47.22-PM-768x768.jpeg 768w, https:\/\/portal.fgeo.gob.mx\/minio\/pagina\/wp-content\/uploads\/2025\/12\/WhatsApp-Image-2025-12-01-at-1.47.22-PM-1536x1536.jpeg 1536w, https:\/\/portal.fgeo.gob.mx\/minio\/pagina\/wp-content\/uploads\/2025\/12\/WhatsApp-Image-2025-12-01-at-1.47.22-PM.jpeg 1600w\" sizes=\"(max-width: 1024px) 100vw, 1024px\" \/><\/figure>\n\n\n\n<figure class=\"wp-block-image size-large is-resized\"><img decoding=\"async\" width=\"1024\" height=\"1024\" src=\"https:\/\/portal.fgeo.gob.mx\/minio\/pagina\/wp-content\/uploads\/2025\/12\/WhatsApp-Image-2025-12-01-at-1.47.21-PM-1-1024x1024.jpeg\" alt=\"\" class=\"wp-image-19669\" style=\"width:285px;height:auto\" srcset=\"https:\/\/portal.fgeo.gob.mx\/minio\/pagina\/wp-content\/uploads\/2025\/12\/WhatsApp-Image-2025-12-01-at-1.47.21-PM-1-1024x1024.jpeg 1024w, https:\/\/portal.fgeo.gob.mx\/minio\/pagina\/wp-content\/uploads\/2025\/12\/WhatsApp-Image-2025-12-01-at-1.47.21-PM-1-300x300.jpeg 300w, https:\/\/portal.fgeo.gob.mx\/minio\/pagina\/wp-content\/uploads\/2025\/12\/WhatsApp-Image-2025-12-01-at-1.47.21-PM-1-150x150.jpeg 150w, https:\/\/portal.fgeo.gob.mx\/minio\/pagina\/wp-content\/uploads\/2025\/12\/WhatsApp-Image-2025-12-01-at-1.47.21-PM-1-768x768.jpeg 768w, https:\/\/portal.fgeo.gob.mx\/minio\/pagina\/wp-content\/uploads\/2025\/12\/WhatsApp-Image-2025-12-01-at-1.47.21-PM-1-1536x1536.jpeg 1536w, https:\/\/portal.fgeo.gob.mx\/minio\/pagina\/wp-content\/uploads\/2025\/12\/WhatsApp-Image-2025-12-01-at-1.47.21-PM-1.jpeg 1600w\" sizes=\"(max-width: 1024px) 100vw, 1024px\" \/><\/figure>\n\n\n\n<figure class=\"wp-block-image size-large is-resized\"><img loading=\"lazy\" decoding=\"async\" width=\"1024\" height=\"1024\" src=\"https:\/\/portal.fgeo.gob.mx\/minio\/pagina\/wp-content\/uploads\/2025\/12\/WhatsApp-Image-2025-12-01-at-1.47.21-PM-1-1-1024x1024.jpeg\" alt=\"\" class=\"wp-image-19670\" style=\"width:276px;height:auto\" srcset=\"https:\/\/portal.fgeo.gob.mx\/minio\/pagina\/wp-content\/uploads\/2025\/12\/WhatsApp-Image-2025-12-01-at-1.47.21-PM-1-1-1024x1024.jpeg 1024w, https:\/\/portal.fgeo.gob.mx\/minio\/pagina\/wp-content\/uploads\/2025\/12\/WhatsApp-Image-2025-12-01-at-1.47.21-PM-1-1-300x300.jpeg 300w, https:\/\/portal.fgeo.gob.mx\/minio\/pagina\/wp-content\/uploads\/2025\/12\/WhatsApp-Image-2025-12-01-at-1.47.21-PM-1-1-150x150.jpeg 150w, https:\/\/portal.fgeo.gob.mx\/minio\/pagina\/wp-content\/uploads\/2025\/12\/WhatsApp-Image-2025-12-01-at-1.47.21-PM-1-1-768x768.jpeg 768w, https:\/\/portal.fgeo.gob.mx\/minio\/pagina\/wp-content\/uploads\/2025\/12\/WhatsApp-Image-2025-12-01-at-1.47.21-PM-1-1-1536x1536.jpeg 1536w, https:\/\/portal.fgeo.gob.mx\/minio\/pagina\/wp-content\/uploads\/2025\/12\/WhatsApp-Image-2025-12-01-at-1.47.21-PM-1-1.jpeg 1600w\" sizes=\"(max-width: 1024px) 100vw, 1024px\" \/><\/figure>\n\n\n\n<p><\/p>\n","protected":false},"author":2,"featured_media":0,"comment_status":"closed","ping_status":"closed","template":"","tags":[],"categoria_noticias":[],"class_list":["post-19664","noticias","type-noticias","status-publish","hentry"],"acf":[],"mb":[],"mfb_rest_fields":["title","gutenberg_elementor_mode"],"_links":{"self":[{"href":"https:\/\/portal.fgeo.gob.mx\/index.php\/wp-json\/wp\/v2\/noticias\/19664","targetHints":{"allow":["GET"]}}],"collection":[{"href":"https:\/\/portal.fgeo.gob.mx\/index.php\/wp-json\/wp\/v2\/noticias"}],"about":[{"href":"https:\/\/portal.fgeo.gob.mx\/index.php\/wp-json\/wp\/v2\/types\/noticias"}],"author":[{"embeddable":true,"href":"https:\/\/portal.fgeo.gob.mx\/index.php\/wp-json\/wp\/v2\/users\/2"}],"replies":[{"embeddable":true,"href":"https:\/\/portal.fgeo.gob.mx\/index.php\/wp-json\/wp\/v2\/comments?post=19664"}],"wp:attachment":[{"href":"https:\/\/portal.fgeo.gob.mx\/index.php\/wp-json\/wp\/v2\/media?parent=19664"}],"wp:term":[{"taxonomy":"post_tag","embeddable":true,"href":"https:\/\/portal.fgeo.gob.mx\/index.php\/wp-json\/wp\/v2\/tags?post=19664"},{"taxonomy":"categoria_noticias","embeddable":true,"href":"https:\/\/portal.fgeo.gob.mx\/index.php\/wp-json\/wp\/v2\/categoria_noticias?post=19664"}],"curies":[{"name":"wp","href":"https:\/\/api.w.org\/{rel}","templated":true}]}}