{"id":19658,"date":"2025-12-01T10:05:54","date_gmt":"2025-12-01T16:05:54","guid":{"rendered":"https:\/\/portal.fgeo.gob.mx\/?post_type=noticias&#038;p=19658"},"modified":"2025-12-01T12:10:51","modified_gmt":"2025-12-01T18:10:51","slug":"boletin-1982-fiscalia-de-oaxaca-amplia-investigaciones-y-establece-colaboracion-interinstitucional-por-dos-denuncias-de-transportistas-no-localizados-en-matias-romero","status":"publish","type":"noticias","link":"https:\/\/portal.fgeo.gob.mx\/index.php\/archivos\/noticias\/boletin-1982-fiscalia-de-oaxaca-amplia-investigaciones-y-establece-colaboracion-interinstitucional-por-dos-denuncias-de-transportistas-no-localizados-en-matias-romero","title":{"rendered":"BOLET\u00cdN 1,982.- Fiscal\u00eda de Oaxaca ampl\u00eda investigaciones y establece colaboraci\u00f3n interinstitucional por dos denuncias de transportistas no localizados en Mat\u00edas Romero"},"content":{"rendered":"\n<p><strong>Oaxaca de Ju\u00e1rez, Oax. 01 de diciembre de 2025.-<\/strong> La Fiscal\u00eda General del Estado de Oaxaca (FGEO) ampli\u00f3 las labores de investigaci\u00f3n ministerial y b\u00fasqueda de personas, luego de recibir dos denuncias sobre la No Localizaci\u00f3n de dos transportistas originarios de Tamaulipas, quienes fueron vistos por \u00faltima vez en inmediaciones del municipio de Mat\u00edas Romero, por lo que se llevan a cabo los trabajos para establecer si existe conexi\u00f3n entre ambos casos.<\/p>\n\n\n\n<p>De acuerdo con las denuncias presentadas (una en Mat\u00edas Romero y la otra directamente en la Vicefiscal\u00eda General de Atenci\u00f3n a V\u00edctimas y los Derechos Humanos), en el primero de los casos se trata de ALDHER FRANCISCO MORENO HERNANDEZ, quien sali\u00f3 el 18 de noviembre de 2025, de Reynosa, en el estado de Tamaulipas, a bordo de una pipa de la empresa Transportes Nava, y tuvo el \u00faltimo contacto con su familia el 20 de noviembre de 2025, luego de reportar su llegada al Istmo de Tehuantepec.<\/p>\n\n\n\n<p>El segundo caso se trata del reporte de la no localizaci\u00f3n de FERNANDO CASTRO MORALES, con quien perdieron contacto el 20 de noviembre pasado, la v\u00edctima es un transportista originario de Tamaulipas, quien viaj\u00f3 a Mat\u00edas Romero a bordo de una pipa propiedad de la empresa Orozco&amp;Orozco, de acuerdo con la denuncia realizada por las v\u00edctimas indirectas.<\/p>\n\n\n\n<p>Luego de recibir ambas denuncias por separado, las \u00e1reas especializadas de la Fiscal\u00eda de Oaxaca realizan trabajos ministeriales para establecer si existe relaci\u00f3n entre ambos, por lo que se han llevado a cabo actos de investigaci\u00f3n que consisten en trabajos de campo, as\u00ed como labores de inteligencia para establecer las rutas que siguieron ambas personas.<\/p>\n\n\n\n<p>Adem\u00e1s que giraron los oficios de colaboraci\u00f3n con el resto de las Fiscal\u00edas Estatales de las 31 entidades del pa\u00eds para contribuir a los esfuerzos para dar con el paradero con vida de las v\u00edctimas.<\/p>\n\n\n\n<p>Gracias a ello, se tiene conocimiento de los \u00faltimos puntos en donde fueron vistos en Oaxaca, adem\u00e1s que se generaron los canales interinstitucionales para establecer los planes de b\u00fasqueda con vida junto con la Comisi\u00f3n Estatal de B\u00fasqueda de Oaxaca.<\/p>\n\n\n\n<p>Asimismo, se mantienen abiertas diferentes l\u00edneas de investigaci\u00f3n para saber si estas dos denuncias estar\u00edan relacionadas con otros casos del mismo tipo reportados en esa zona de la entidad.<\/p>\n\n\n\n<p>En casos de ausencia de personas, la denuncia por parte de la familia o cualquier v\u00edctima indirecta, es fundamental para que la Fiscal\u00eda de Oaxaca fortalezca los trabajos de investigaci\u00f3n al respecto.<\/p>\n\n\n\n<div class=\"wp-block-group is-layout-constrained wp-block-group-is-layout-constrained\">\n<figure class=\"wp-block-image alignleft size-large is-resized\"><img fetchpriority=\"high\" decoding=\"async\" width=\"622\" height=\"1024\" src=\"https:\/\/portal.fgeo.gob.mx\/minio\/pagina\/wp-content\/uploads\/2025\/12\/WhatsApp-Image-2025-12-01-at-9.40.46-AM-622x1024.jpeg\" alt=\"\" class=\"wp-image-19659\" style=\"width:170px;height:auto\" srcset=\"https:\/\/portal.fgeo.gob.mx\/minio\/pagina\/wp-content\/uploads\/2025\/12\/WhatsApp-Image-2025-12-01-at-9.40.46-AM-622x1024.jpeg 622w, https:\/\/portal.fgeo.gob.mx\/minio\/pagina\/wp-content\/uploads\/2025\/12\/WhatsApp-Image-2025-12-01-at-9.40.46-AM-182x300.jpeg 182w, https:\/\/portal.fgeo.gob.mx\/minio\/pagina\/wp-content\/uploads\/2025\/12\/WhatsApp-Image-2025-12-01-at-9.40.46-AM-768x1265.jpeg 768w, https:\/\/portal.fgeo.gob.mx\/minio\/pagina\/wp-content\/uploads\/2025\/12\/WhatsApp-Image-2025-12-01-at-9.40.46-AM.jpeg 777w\" sizes=\"(max-width: 622px) 100vw, 622px\" \/><\/figure>\n\n\n\n<figure class=\"wp-block-image size-large is-resized\"><img decoding=\"async\" width=\"621\" height=\"1024\" src=\"https:\/\/portal.fgeo.gob.mx\/minio\/pagina\/wp-content\/uploads\/2025\/12\/WhatsApp-Image-2025-12-01-at-9.40.46-AM-1-621x1024.jpeg\" alt=\"\" class=\"wp-image-19660\" style=\"width:172px;height:auto\" srcset=\"https:\/\/portal.fgeo.gob.mx\/minio\/pagina\/wp-content\/uploads\/2025\/12\/WhatsApp-Image-2025-12-01-at-9.40.46-AM-1-621x1024.jpeg 621w, https:\/\/portal.fgeo.gob.mx\/minio\/pagina\/wp-content\/uploads\/2025\/12\/WhatsApp-Image-2025-12-01-at-9.40.46-AM-1-182x300.jpeg 182w, https:\/\/portal.fgeo.gob.mx\/minio\/pagina\/wp-content\/uploads\/2025\/12\/WhatsApp-Image-2025-12-01-at-9.40.46-AM-1-768x1265.jpeg 768w, https:\/\/portal.fgeo.gob.mx\/minio\/pagina\/wp-content\/uploads\/2025\/12\/WhatsApp-Image-2025-12-01-at-9.40.46-AM-1-932x1536.jpeg 932w, https:\/\/portal.fgeo.gob.mx\/minio\/pagina\/wp-content\/uploads\/2025\/12\/WhatsApp-Image-2025-12-01-at-9.40.46-AM-1.jpeg 971w\" sizes=\"(max-width: 621px) 100vw, 621px\" \/><\/figure>\n\n\n\n<p><\/p>\n<\/div>\n","protected":false},"author":2,"featured_media":0,"comment_status":"closed","ping_status":"closed","template":"","tags":[],"categoria_noticias":[],"class_list":["post-19658","noticias","type-noticias","status-publish","hentry"],"acf":[],"mb":[],"mfb_rest_fields":["title","gutenberg_elementor_mode"],"_links":{"self":[{"href":"https:\/\/portal.fgeo.gob.mx\/index.php\/wp-json\/wp\/v2\/noticias\/19658","targetHints":{"allow":["GET"]}}],"collection":[{"href":"https:\/\/portal.fgeo.gob.mx\/index.php\/wp-json\/wp\/v2\/noticias"}],"about":[{"href":"https:\/\/portal.fgeo.gob.mx\/index.php\/wp-json\/wp\/v2\/types\/noticias"}],"author":[{"embeddable":true,"href":"https:\/\/portal.fgeo.gob.mx\/index.php\/wp-json\/wp\/v2\/users\/2"}],"replies":[{"embeddable":true,"href":"https:\/\/portal.fgeo.gob.mx\/index.php\/wp-json\/wp\/v2\/comments?post=19658"}],"wp:attachment":[{"href":"https:\/\/portal.fgeo.gob.mx\/index.php\/wp-json\/wp\/v2\/media?parent=19658"}],"wp:term":[{"taxonomy":"post_tag","embeddable":true,"href":"https:\/\/portal.fgeo.gob.mx\/index.php\/wp-json\/wp\/v2\/tags?post=19658"},{"taxonomy":"categoria_noticias","embeddable":true,"href":"https:\/\/portal.fgeo.gob.mx\/index.php\/wp-json\/wp\/v2\/categoria_noticias?post=19658"}],"curies":[{"name":"wp","href":"https:\/\/api.w.org\/{rel}","templated":true}]}}