{"id":19645,"date":"2025-11-30T12:15:00","date_gmt":"2025-11-30T18:15:00","guid":{"rendered":"https:\/\/portal.fgeo.gob.mx\/?post_type=noticias&#038;p=19645"},"modified":"2025-12-01T14:38:46","modified_gmt":"2025-12-01T20:38:46","slug":"boletin-1980-fiscalia-de-oaxaca-obtiene-vinculacion-a-proceso-y-prision-contra-c-a-p-t-alias-el-chango-por-homicidio-cometido-en-calles-de-santa-cruz-xoxocotlan","status":"publish","type":"noticias","link":"https:\/\/portal.fgeo.gob.mx\/index.php\/archivos\/noticias\/boletin-1980-fiscalia-de-oaxaca-obtiene-vinculacion-a-proceso-y-prision-contra-c-a-p-t-alias-el-chango-por-homicidio-cometido-en-calles-de-santa-cruz-xoxocotlan","title":{"rendered":"BOLET\u00cdN 1,980. Fiscal\u00eda de Oaxaca obtiene vinculaci\u00f3n a proceso y prisi\u00f3n contra C.A.P.T alias &#8220;El Chango&#8221; por homicidio cometido en calles de Santa Cruz Xoxocotl\u00e1n"},"content":{"rendered":"\n<p>Oaxaca de Ju\u00e1rez, Oax. 30 de noviembre de 2025.- Derivado del trabajo ministerial que realiza la Fiscal\u00eda General del Estado de Oaxaca (FGEO) se obtuvo auto de vinculaci\u00f3n a proceso y prisi\u00f3n en contra de un hombre identificado como C.A.P.T., alias &#8220;El Chango&#8221; imputado por el delito de Homicidio Calificado en agravio de R.G.O., cometido en la regi\u00f3n de los Valles Centrales.<\/p>\n\n\n\n<p>De acuerdo con el expediente penal del caso, los hechos ocurrieron el d\u00eda 11 de abril de 2024, en inmediaciones de un terreno bald\u00edo ubicado en Camino Antiguo, San Bartolo Coyotepec de la colonia Palestina jurisdicci\u00f3n de Santa Cruz Xoxocotl\u00e1n, lugar donde la v\u00edctima fue atacada a golpes por el imputado en compa\u00f1\u00eda de otra persona, infligiendo lesiones en la cabeza que le provocaron la muerte.<\/p>\n\n\n\n<p>Al tener conocimiento de los hechos, la FGEO a trav\u00e9s de la Fiscal\u00eda Especializada en Delitos de Alto Impacto, realiz\u00f3 las investigaciones correspondientes, que permitieron obtener la orden de aprehensi\u00f3n en contra de&nbsp; C.A.P.T., alias &#8220;El Chango&#8221; quien fue detenido por agentes ministeriales y puesto a disposici\u00f3n de la autoridad judicial que lo requiri\u00f3 para determinar su situaci\u00f3n jur\u00eddica.<\/p>\n\n\n\n<figure class=\"wp-block-image size-large is-resized\"><img fetchpriority=\"high\" decoding=\"async\" width=\"768\" height=\"1024\" src=\"https:\/\/portal.fgeo.gob.mx\/minio\/pagina\/wp-content\/uploads\/2025\/11\/IMAGEN-1.-BOLETIN-1980-2-768x1024.png\" alt=\"\" class=\"wp-image-19646\" style=\"width:412px;height:auto\" srcset=\"https:\/\/portal.fgeo.gob.mx\/minio\/pagina\/wp-content\/uploads\/2025\/11\/IMAGEN-1.-BOLETIN-1980-2-768x1024.png 768w, https:\/\/portal.fgeo.gob.mx\/minio\/pagina\/wp-content\/uploads\/2025\/11\/IMAGEN-1.-BOLETIN-1980-2-225x300.png 225w, https:\/\/portal.fgeo.gob.mx\/minio\/pagina\/wp-content\/uploads\/2025\/11\/IMAGEN-1.-BOLETIN-1980-2-1152x1536.png 1152w, https:\/\/portal.fgeo.gob.mx\/minio\/pagina\/wp-content\/uploads\/2025\/11\/IMAGEN-1.-BOLETIN-1980-2-1536x2048.png 1536w, https:\/\/portal.fgeo.gob.mx\/minio\/pagina\/wp-content\/uploads\/2025\/11\/IMAGEN-1.-BOLETIN-1980-2-scaled.png 1920w\" sizes=\"(max-width: 768px) 100vw, 768px\" \/><\/figure>\n\n\n\n<p>En audiencia, luego de evaluar las pruebas presentadas por la FGEO, el Juez de la causa determin\u00f3 vincular a proceso al imputado por el delito de homicidio calificado e impuso la medida cautelar de prisi\u00f3n preventiva de manera justificada, otorgando un plazo de tres meses para el cierre de la investigaci\u00f3n complementaria.<\/p>\n\n\n\n<p>La Fiscal\u00eda de Oaxaca garantiza investigaciones exhaustivas para esclarecer delitos, aplicando todo el&nbsp; rigor de la Ley a quien o quienes resulten responsables.<\/p>\n\n\n\n<figure class=\"wp-block-image size-large is-resized\"><img decoding=\"async\" width=\"768\" height=\"1024\" src=\"https:\/\/portal.fgeo.gob.mx\/minio\/pagina\/wp-content\/uploads\/2025\/11\/IMAGEN-2.-BOLETIN-1980-2-768x1024.png\" alt=\"\" class=\"wp-image-19647\" style=\"width:415px;height:auto\" srcset=\"https:\/\/portal.fgeo.gob.mx\/minio\/pagina\/wp-content\/uploads\/2025\/11\/IMAGEN-2.-BOLETIN-1980-2-768x1024.png 768w, https:\/\/portal.fgeo.gob.mx\/minio\/pagina\/wp-content\/uploads\/2025\/11\/IMAGEN-2.-BOLETIN-1980-2-225x300.png 225w, https:\/\/portal.fgeo.gob.mx\/minio\/pagina\/wp-content\/uploads\/2025\/11\/IMAGEN-2.-BOLETIN-1980-2-1152x1536.png 1152w, https:\/\/portal.fgeo.gob.mx\/minio\/pagina\/wp-content\/uploads\/2025\/11\/IMAGEN-2.-BOLETIN-1980-2-1536x2048.png 1536w, https:\/\/portal.fgeo.gob.mx\/minio\/pagina\/wp-content\/uploads\/2025\/11\/IMAGEN-2.-BOLETIN-1980-2-scaled.png 1920w\" sizes=\"(max-width: 768px) 100vw, 768px\" \/><\/figure>\n\n\n\n<p><\/p>\n","protected":false},"author":2,"featured_media":19644,"comment_status":"closed","ping_status":"closed","template":"","tags":[],"categoria_noticias":[],"class_list":["post-19645","noticias","type-noticias","status-publish","has-post-thumbnail","hentry"],"acf":[],"mb":[],"mfb_rest_fields":["title","gutenberg_elementor_mode"],"_links":{"self":[{"href":"https:\/\/portal.fgeo.gob.mx\/index.php\/wp-json\/wp\/v2\/noticias\/19645","targetHints":{"allow":["GET"]}}],"collection":[{"href":"https:\/\/portal.fgeo.gob.mx\/index.php\/wp-json\/wp\/v2\/noticias"}],"about":[{"href":"https:\/\/portal.fgeo.gob.mx\/index.php\/wp-json\/wp\/v2\/types\/noticias"}],"author":[{"embeddable":true,"href":"https:\/\/portal.fgeo.gob.mx\/index.php\/wp-json\/wp\/v2\/users\/2"}],"replies":[{"embeddable":true,"href":"https:\/\/portal.fgeo.gob.mx\/index.php\/wp-json\/wp\/v2\/comments?post=19645"}],"wp:featuredmedia":[{"embeddable":true,"href":"https:\/\/portal.fgeo.gob.mx\/index.php\/wp-json\/wp\/v2\/media\/19644"}],"wp:attachment":[{"href":"https:\/\/portal.fgeo.gob.mx\/index.php\/wp-json\/wp\/v2\/media?parent=19645"}],"wp:term":[{"taxonomy":"post_tag","embeddable":true,"href":"https:\/\/portal.fgeo.gob.mx\/index.php\/wp-json\/wp\/v2\/tags?post=19645"},{"taxonomy":"categoria_noticias","embeddable":true,"href":"https:\/\/portal.fgeo.gob.mx\/index.php\/wp-json\/wp\/v2\/categoria_noticias?post=19645"}],"curies":[{"name":"wp","href":"https:\/\/api.w.org\/{rel}","templated":true}]}}