{"id":19636,"date":"2025-11-29T11:16:40","date_gmt":"2025-11-29T17:16:40","guid":{"rendered":"https:\/\/portal.fgeo.gob.mx\/?post_type=noticias&#038;p=19636"},"modified":"2025-11-29T11:16:40","modified_gmt":"2025-11-29T17:16:40","slug":"boletin-1978-fiscalia-de-oaxaca-obtiene-vinculacion-a-proceso-contra-imputado-por-violacion-de-una-nina-con-discapacidad-auditiva-cometido-en-la-sierra-de-flores-magon","status":"publish","type":"noticias","link":"https:\/\/portal.fgeo.gob.mx\/index.php\/archivos\/noticias\/boletin-1978-fiscalia-de-oaxaca-obtiene-vinculacion-a-proceso-contra-imputado-por-violacion-de-una-nina-con-discapacidad-auditiva-cometido-en-la-sierra-de-flores-magon","title":{"rendered":"BOLET\u00cdN 1,978.- Fiscal\u00eda de Oaxaca obtiene vinculaci\u00f3n a proceso contra imputado por violaci\u00f3n de una ni\u00f1a con discapacidad auditiva, cometido en la Sierra de Flores Mag\u00f3n"},"content":{"rendered":"\n<p><strong>Fiscal\u00eda de Oaxaca obtiene vinculaci\u00f3n a proceso contra imputado por violaci\u00f3n de una ni\u00f1a con discapacidad auditiva, cometido en la Sierra de Flores Mag\u00f3n<\/strong><\/p>\n\n\n\n<p><strong>Oaxaca de Ju\u00e1rez, Oax. 28 de noviembre de 2025.-<\/strong> Como resultado de las investigaciones enfocadas en garantizar los derechos a una vida libre de violencia para las ni\u00f1as, ni\u00f1os, adolescentes y mujeres, la Fiscal\u00eda General del Estado de Oaxaca (FGEO) obtuvo vinculaci\u00f3n a proceso y prisi\u00f3n preventiva en contra de un hombre identificado como C.P.P., imputado por el delito de violaci\u00f3n equiparada, en agravio de una ni\u00f1a con discapacidad auditiva ocurrida en la Sierra de Flores Mag\u00f3n.<\/p>\n\n\n\n<p>El expediente penal del caso, detalla que el delito ocurri\u00f3 entre el 1 y 10 de septiembre de 2024, cuando la v\u00edctima, una ni\u00f1a de nueve a\u00f1os de edad, con diagn\u00f3stico de discapacidad auditiva con hipoacusia, fue interceptada y llevada contra su voluntad a un domicilio ubicado en la colonia 3 de Julio, R\u00edo Sapo perteneciente a Santa Mar\u00eda Chilchotla, lugar donde el agresor la atac\u00f3 sexualmente.<\/p>\n\n\n\n<p>Al tener conocimiento de los hechos, derivado de la denuncia, la FGEO inici\u00f3 las investigaciones correspondientes a trav\u00e9s de la Vicefiscal\u00eda General de Control Regional, reuniendo las pruebas necesarias que permitieron obtener una orden de aprehensi\u00f3n y posteriormente la detenci\u00f3n de C.P.P., la cual fue ejecutada por elementos de la Agencia Estatal de Investigaciones (AEI) quienes lo presentaron ante la autoridad competente para su certificaci\u00f3n m\u00e9dica y posteriormente ante el Juez de control para su imputaci\u00f3n y proceso penal.<\/p>\n\n\n\n<p>En audiencia y derivado de la evaluaci\u00f3n de los datos de prueba aportados por la FGEO, el Juez de la causa dict\u00f3 auto de vinculaci\u00f3n a proceso en contra de C.P.P., por el delito de violaci\u00f3n equiparada e impuso la medida cautelar de prisi\u00f3n preventiva justificada, otorgando un plazo de dos meses para el cierre de la investigaci\u00f3n complementaria.<\/p>\n\n\n\n<p>La Fiscal\u00eda General del Estado de Oaxaca prioriza las investigaciones relacionadas con delitos cometidos contra las mujeres, ni\u00f1as y adolescentes, para presentar ante la justicia a los responsables a fin de garantizar el derecho a una vida libre de violencia.<\/p>\n\n\n\n<figure class=\"wp-block-image size-full is-resized\"><img fetchpriority=\"high\" decoding=\"async\" width=\"438\" height=\"477\" src=\"https:\/\/portal.fgeo.gob.mx\/minio\/pagina\/wp-content\/uploads\/2025\/11\/Diseno-sin-titulo-1-1.jpg\" alt=\"\" class=\"wp-image-19637\" style=\"width:275px;height:auto\" srcset=\"https:\/\/portal.fgeo.gob.mx\/minio\/pagina\/wp-content\/uploads\/2025\/11\/Diseno-sin-titulo-1-1.jpg 438w, https:\/\/portal.fgeo.gob.mx\/minio\/pagina\/wp-content\/uploads\/2025\/11\/Diseno-sin-titulo-1-1-275x300.jpg 275w\" sizes=\"(max-width: 438px) 100vw, 438px\" \/><\/figure>\n","protected":false},"author":2,"featured_media":0,"comment_status":"closed","ping_status":"closed","template":"","tags":[],"categoria_noticias":[],"class_list":["post-19636","noticias","type-noticias","status-publish","hentry"],"acf":[],"mb":[],"mfb_rest_fields":["title","gutenberg_elementor_mode"],"_links":{"self":[{"href":"https:\/\/portal.fgeo.gob.mx\/index.php\/wp-json\/wp\/v2\/noticias\/19636","targetHints":{"allow":["GET"]}}],"collection":[{"href":"https:\/\/portal.fgeo.gob.mx\/index.php\/wp-json\/wp\/v2\/noticias"}],"about":[{"href":"https:\/\/portal.fgeo.gob.mx\/index.php\/wp-json\/wp\/v2\/types\/noticias"}],"author":[{"embeddable":true,"href":"https:\/\/portal.fgeo.gob.mx\/index.php\/wp-json\/wp\/v2\/users\/2"}],"replies":[{"embeddable":true,"href":"https:\/\/portal.fgeo.gob.mx\/index.php\/wp-json\/wp\/v2\/comments?post=19636"}],"wp:attachment":[{"href":"https:\/\/portal.fgeo.gob.mx\/index.php\/wp-json\/wp\/v2\/media?parent=19636"}],"wp:term":[{"taxonomy":"post_tag","embeddable":true,"href":"https:\/\/portal.fgeo.gob.mx\/index.php\/wp-json\/wp\/v2\/tags?post=19636"},{"taxonomy":"categoria_noticias","embeddable":true,"href":"https:\/\/portal.fgeo.gob.mx\/index.php\/wp-json\/wp\/v2\/categoria_noticias?post=19636"}],"curies":[{"name":"wp","href":"https:\/\/api.w.org\/{rel}","templated":true}]}}