{"id":19399,"date":"2025-11-26T18:10:38","date_gmt":"2025-11-27T00:10:38","guid":{"rendered":"https:\/\/fge.oaxaca.gob.mx\/?post_type=noticias&amp;p=11025"},"modified":"2025-11-26T18:10:38","modified_gmt":"2025-11-27T00:10:38","slug":"boletin-1971-fiscalia-de-oaxaca-obtiene-vinculacion-a-proceso-y-prision-contra-imputado-por-homicidio-cometido-con-una-escopeta-en-calles-de-la-costa","status":"publish","type":"noticias","link":"https:\/\/portal.fgeo.gob.mx\/index.php\/archivos\/noticias\/boletin-1971-fiscalia-de-oaxaca-obtiene-vinculacion-a-proceso-y-prision-contra-imputado-por-homicidio-cometido-con-una-escopeta-en-calles-de-la-costa","title":{"rendered":"BOLET\u00cdN 1,971.- Fiscal\u00eda de Oaxaca obtiene vinculaci\u00f3n a proceso y prisi\u00f3n contra imputado por homicidio cometido con una escopeta en calles de la Costa"},"content":{"rendered":"<p>&nbsp;<\/p>\n<p><strong>Oaxaca de Ju\u00e1rez, Oax., 26 de noviembre de 2025.-<\/strong> Derivado del trabajo ministerial que realiza la Fiscal\u00eda General del Estado de Oaxaca (FGEO) se obtuvo auto de vinculaci\u00f3n a proceso y prisi\u00f3n preventiva en contra de una persona del sexo masculino identificado como P.S.R., por el delito de Homicidio Calificado con Ventaja cometido en la regi\u00f3n de la Costa.<\/p>\n<p>&nbsp;<\/p>\n<p>De acuerdo con el expediente penal del caso, los hechos ocurrieron el 09 de octubre del a\u00f1o 2025, en calles del barrio La Guadalupe perteneciente a San Miguel Panixtlahuaca, donde la v\u00edctima identificada como M.P.M., discuti\u00f3 con el imputado y \u00e9ste en consecuencia, sac\u00f3 un arma tipo escopeta y dispar\u00f3 varias veces contra M.P.M., hasta privarlo de la vida.<\/p>\n<p>&nbsp;<\/p>\n<p>Tras estos hechos, el agresor fue detenido de inmediato por elementos de la polic\u00eda municipal de la zona que arribaron al lugar luego de la llamada de auxilio, una vez detenido, al imputado, le fue asegurada el arma de fuego tipo escopeta que presuntamente utiliz\u00f3 para cometer el crimen.<\/p>\n<p>&nbsp;<\/p>\n<p>Al tener conocimiento de los hechos, la FGEO a trav\u00e9s de la Vicefiscal\u00eda Regional de la Costa, despleg\u00f3 un equipo multidisciplinario al lugar de los hechos para recabar indicios y, tras las indagatorias hizo efectiva la orden de aprehensi\u00f3n en contra de P.S.R., logrando ponerlo a disposici\u00f3n de la autoridad judicial para determinar su situaci\u00f3n jur\u00eddica.<\/p>\n<p>&nbsp;<\/p>\n<p>En audiencia, luego de evaluar las pruebas presentadas por la FGEO, el Juez de la causa determin\u00f3 vincular a proceso al imputado por el delito de homicidio calificado con ventaja, adem\u00e1s de imponer la medida cautelar de prisi\u00f3n preventiva oficiosa y otorgar un plazo de cuatro meses para el cierre de la investigaci\u00f3n complementaria.<\/p>\n<p>&nbsp;<\/p>\n<p>La Fiscal\u00eda de Oaxaca garantiza investigaciones exhaustivas para esclarecer delitos, aplicando todo el rigor de la Ley a quien o quienes resulten responsables.<\/p>\n<figure id=\"attachment_11026\" aria-describedby=\"caption-attachment-11026\" style=\"width: 300px\" class=\"wp-caption alignnone\"><img fetchpriority=\"high\" decoding=\"async\" class=\"size-medium wp-image-11026\" src=\"https:\/\/fge.oaxaca.gob.mx\/wp-content\/uploads\/2025\/11\/Dise\u00f1o-sin-t\u00edtulo-28-300x285.jpg\" alt=\"\" width=\"300\" height=\"285\" \/><figcaption id=\"caption-attachment-11026\" class=\"wp-caption-text\">Dise\u00f1o sin t\u00edtulo &#8211; 1<\/figcaption><\/figure>\n","protected":false},"author":5,"featured_media":10990,"comment_status":"closed","ping_status":"closed","template":"","tags":[],"categoria_noticias":[],"class_list":["post-19399","noticias","type-noticias","status-publish","has-post-thumbnail","hentry"],"acf":[],"mb":[],"mfb_rest_fields":["title","gutenberg_elementor_mode"],"_links":{"self":[{"href":"https:\/\/portal.fgeo.gob.mx\/index.php\/wp-json\/wp\/v2\/noticias\/19399","targetHints":{"allow":["GET"]}}],"collection":[{"href":"https:\/\/portal.fgeo.gob.mx\/index.php\/wp-json\/wp\/v2\/noticias"}],"about":[{"href":"https:\/\/portal.fgeo.gob.mx\/index.php\/wp-json\/wp\/v2\/types\/noticias"}],"author":[{"embeddable":true,"href":"https:\/\/portal.fgeo.gob.mx\/index.php\/wp-json\/wp\/v2\/users\/5"}],"replies":[{"embeddable":true,"href":"https:\/\/portal.fgeo.gob.mx\/index.php\/wp-json\/wp\/v2\/comments?post=19399"}],"wp:featuredmedia":[{"embeddable":true,"href":"https:\/\/portal.fgeo.gob.mx\/index.php\/wp-json\/"}],"wp:attachment":[{"href":"https:\/\/portal.fgeo.gob.mx\/index.php\/wp-json\/wp\/v2\/media?parent=19399"}],"wp:term":[{"taxonomy":"post_tag","embeddable":true,"href":"https:\/\/portal.fgeo.gob.mx\/index.php\/wp-json\/wp\/v2\/tags?post=19399"},{"taxonomy":"categoria_noticias","embeddable":true,"href":"https:\/\/portal.fgeo.gob.mx\/index.php\/wp-json\/wp\/v2\/categoria_noticias?post=19399"}],"curies":[{"name":"wp","href":"https:\/\/api.w.org\/{rel}","templated":true}]}}