{"id":19398,"date":"2025-11-26T15:03:56","date_gmt":"2025-11-26T21:03:56","guid":{"rendered":"https:\/\/fge.oaxaca.gob.mx\/?post_type=noticias&amp;p=11024"},"modified":"2025-11-26T15:03:56","modified_gmt":"2025-11-26T21:03:56","slug":"boletin-1970-fiscalia-de-oaxaca-obtiene-sentencia-de-4-anos-de-prision-contra-responsable-de-incumplir-obligaciones-alimentarias","status":"publish","type":"noticias","link":"https:\/\/portal.fgeo.gob.mx\/index.php\/archivos\/noticias\/boletin-1970-fiscalia-de-oaxaca-obtiene-sentencia-de-4-anos-de-prision-contra-responsable-de-incumplir-obligaciones-alimentarias","title":{"rendered":"BOLET\u00cdN 1,970.- Fiscal\u00eda de Oaxaca obtiene sentencia de 4 a\u00f1os de prisi\u00f3n contra responsable de incumplir obligaciones alimentarias"},"content":{"rendered":"<p>&nbsp;<\/p>\n<p>* <em>Adem\u00e1s, est\u00e1 obligado a pagar m\u00e1s de 300 mil pesos a favor de sus hijos<\/em><\/p>\n<p><strong>Oaxaca de Ju\u00e1rez, Oax. 26 de noviembre de 2025.-<\/strong> El trabajo que realiza la Fiscal\u00eda General del Estado de Oaxaca (FGEO) para brindar certeza jur\u00eddica a ni\u00f1as, ni\u00f1os, adolescentes y mujeres dio como resultado la obtenci\u00f3n de una sentencia condenatoria contra una persona del sexo masculino identificada como Marco A.R.A., por su responsabilidad en el delito de incumplimiento de obligaciones alimentarias.<\/p>\n<p>De acuerdo con la causa penal, el sentenciado incumpli\u00f3 las disposiciones impuestas por un Juez Familiar, quien hab\u00eda fijado el pago de una pensi\u00f3n alimentaria a favor de sus cuatro hijos menores de edad (cuya identidad se reserva conforme a la ley).<\/p>\n<p>Tras la denuncia presentada ante la FGEO, se iniciaron los trabajos de investigaci\u00f3n a cargo de la Vicefiscal\u00eda General de Control Regional, los cuales permitieron obtener una orden de aprehensi\u00f3n en contra de Marco A.R.A.<\/p>\n<p>Tras la detenci\u00f3n, efectuada por elementos de la Agencia Estatal de Investigaciones (AEI), el hoy sentenciado fue presentado ante el Juez que lo requiri\u00f3, quien, al validar los datos de prueba, determin\u00f3 vincularlo a proceso.<\/p>\n<p>En audiencia, el Tribunal de Enjuiciamiento dict\u00f3 sentencia condenatoria contra Marco A.R.A. por el delito de incumplimiento de obligaciones alimentarias, imponi\u00e9ndole una pena de 4 a\u00f1os de prisi\u00f3n, adem\u00e1s del pago de m\u00e1s de 319 mil pesos por concepto de reparaci\u00f3n del da\u00f1o a favor de las v\u00edctimas.<\/p>\n<p>Para la Fiscal\u00eda General del Estado de Oaxaca la procuraci\u00f3n de justicia a favor de las ni\u00f1as, ni\u00f1os y adolescentes es una prioridad, por ello, reafirma su compromiso de trabajar para que este sector de la poblaci\u00f3n pueda acceder al ejercicio pleno de sus derechos humanos.<\/p>\n<p>&nbsp;<\/p>\n<p>&nbsp;<\/p>\n","protected":false},"author":5,"featured_media":10990,"comment_status":"closed","ping_status":"closed","template":"","tags":[],"categoria_noticias":[],"class_list":["post-19398","noticias","type-noticias","status-publish","has-post-thumbnail","hentry"],"acf":[],"mb":[],"mfb_rest_fields":["title","gutenberg_elementor_mode"],"_links":{"self":[{"href":"https:\/\/portal.fgeo.gob.mx\/index.php\/wp-json\/wp\/v2\/noticias\/19398","targetHints":{"allow":["GET"]}}],"collection":[{"href":"https:\/\/portal.fgeo.gob.mx\/index.php\/wp-json\/wp\/v2\/noticias"}],"about":[{"href":"https:\/\/portal.fgeo.gob.mx\/index.php\/wp-json\/wp\/v2\/types\/noticias"}],"author":[{"embeddable":true,"href":"https:\/\/portal.fgeo.gob.mx\/index.php\/wp-json\/wp\/v2\/users\/5"}],"replies":[{"embeddable":true,"href":"https:\/\/portal.fgeo.gob.mx\/index.php\/wp-json\/wp\/v2\/comments?post=19398"}],"wp:featuredmedia":[{"embeddable":true,"href":"https:\/\/portal.fgeo.gob.mx\/index.php\/wp-json\/"}],"wp:attachment":[{"href":"https:\/\/portal.fgeo.gob.mx\/index.php\/wp-json\/wp\/v2\/media?parent=19398"}],"wp:term":[{"taxonomy":"post_tag","embeddable":true,"href":"https:\/\/portal.fgeo.gob.mx\/index.php\/wp-json\/wp\/v2\/tags?post=19398"},{"taxonomy":"categoria_noticias","embeddable":true,"href":"https:\/\/portal.fgeo.gob.mx\/index.php\/wp-json\/wp\/v2\/categoria_noticias?post=19398"}],"curies":[{"name":"wp","href":"https:\/\/api.w.org\/{rel}","templated":true}]}}