{"id":19396,"date":"2025-11-26T09:38:15","date_gmt":"2025-11-26T15:38:15","guid":{"rendered":"https:\/\/fge.oaxaca.gob.mx\/?post_type=noticias&amp;p=11016"},"modified":"2025-11-26T09:38:15","modified_gmt":"2025-11-26T15:38:15","slug":"boletin-1968-obtiene-fiscalia-de-oaxaca-vinculacion-a-proceso-contra-taxista-imputado-por-violacion-cometida-en-agravio-de-su-ex-pareja","status":"publish","type":"noticias","link":"https:\/\/portal.fgeo.gob.mx\/index.php\/archivos\/noticias\/boletin-1968-obtiene-fiscalia-de-oaxaca-vinculacion-a-proceso-contra-taxista-imputado-por-violacion-cometida-en-agravio-de-su-ex-pareja","title":{"rendered":"BOLET\u00cdN 1,968.- Obtiene Fiscal\u00eda de Oaxaca vinculaci\u00f3n a proceso contra taxista imputado por violaci\u00f3n cometida en agravio de su ex pareja"},"content":{"rendered":"<p>&nbsp;<\/p>\n<p><strong>Oaxaca de Ju\u00e1rez, Oax. 26 de noviembre de 2025.- <\/strong>Como resultado de las investigaciones enfocadas en garantizar los derechos a una vida libre de violencia para las ni\u00f1as, ni\u00f1os, adolescentes y mujeres, la Fiscal\u00eda General del Estado de Oaxaca (FGEO) obtuvo vinculaci\u00f3n a proceso en contra de un hombre identificado como A.I.M.J., imputado por el delito de violaci\u00f3n en agravio de una mujer (su ex pareja), ocurrida en la Sierra de Flores Mag\u00f3n.<\/p>\n<p>&nbsp;<\/p>\n<p>&nbsp;<\/p>\n<p>El expediente penal del caso, detalla que el delito ocurri\u00f3 el 02 de julio de 2019, cuando la v\u00edctima (una mujer cuya identidad est\u00e1 reservada por ley) transitaba por el crucero de Avenida Juventud y Mar\u00eda Sabina de Huautla de Jim\u00e9nez cuando se percat\u00f3 que el imputado la ven\u00eda siguiendo, la intercept\u00f3 y la oblig\u00f3 a subir a una unidad de motor habilitada como taxi para despu\u00e9s llevarla contra su voluntad a otro sitio, rumbo a la agencia de San Andr\u00e9s Hidalgo.<\/p>\n<p>&nbsp;<\/p>\n<p>&nbsp;<\/p>\n<p>La investigaci\u00f3n establece que el imputado, detuvo la marcha de su veh\u00edculo en un lugar conocido como &#8220;El Encinal&#8221; lugar donde cometi\u00f3 la agresi\u00f3n.<\/p>\n<p>&nbsp;<\/p>\n<p>&nbsp;<\/p>\n<p>Al tener conocimiento de los hechos, derivado de la denuncia, la FGEO inici\u00f3 las investigaciones correspondientes a trav\u00e9s de la Vicefiscal\u00eda General de Control Regional, reuniendo las pruebas necesarias que permitieron obtener una orden de aprehensi\u00f3n y posteriormente la detenci\u00f3n de A.I.M.J.<\/p>\n<p>&nbsp;<\/p>\n<p>&nbsp;<\/p>\n<p>Una vez detenido por elementos de la Agencia Estatal de Investigaciones (AEI) fue llevado ante el ministerio p\u00fablico para su certificaci\u00f3n m\u00e9dica y posteriormente ante el Juez de control para su imputaci\u00f3n.<\/p>\n<p>&nbsp;<\/p>\n<p>&nbsp;<\/p>\n<p>Tras el desahogo de pruebas aportadas por la FGEO, el Juez de la causa resolvi\u00f3 su situaci\u00f3n jur\u00eddica y dict\u00f3 auto de vinculaci\u00f3n a proceso en contra de A I.M.J., por el delito de violaci\u00f3n, otorgando un plazo de tres meses para el cierre de la investigaci\u00f3n complementaria.<\/p>\n<p>&nbsp;<\/p>\n<p>&nbsp;<\/p>\n<p>La Fiscal\u00eda General del Estado de Oaxaca prioriza las investigaciones relacionadas con delitos cometidos contra las mujeres, ni\u00f1as y adolescentes, para presentar ante la justicia a los responsables a fin de garantizar el derecho a una vida libre de violencia<\/p>\n<figure id=\"attachment_11017\" aria-describedby=\"caption-attachment-11017\" style=\"width: 247px\" class=\"wp-caption alignnone\"><img fetchpriority=\"high\" decoding=\"async\" class=\"size-medium wp-image-11017\" src=\"https:\/\/fge.oaxaca.gob.mx\/wp-content\/uploads\/2025\/11\/Dise\u00f1o-sin-t\u00edtulo-1-11-247x300.jpg\" alt=\"\" width=\"247\" height=\"300\" \/><figcaption id=\"caption-attachment-11017\" class=\"wp-caption-text\">Dise\u00f1o sin t\u00edtulo &#8211; 1<\/figcaption><\/figure>\n<figure id=\"attachment_11018\" aria-describedby=\"caption-attachment-11018\" style=\"width: 224px\" class=\"wp-caption alignnone\"><img decoding=\"async\" class=\"size-medium wp-image-11018\" src=\"https:\/\/fge.oaxaca.gob.mx\/wp-content\/uploads\/2025\/11\/1-224x300.jpg\" alt=\"\" width=\"224\" height=\"300\" \/><figcaption id=\"caption-attachment-11018\" class=\"wp-caption-text\">Dise\u00f1o sin t\u00edtulo &#8211; 1<\/figcaption><\/figure>\n","protected":false},"author":5,"featured_media":10990,"comment_status":"closed","ping_status":"closed","template":"","tags":[],"categoria_noticias":[],"class_list":["post-19396","noticias","type-noticias","status-publish","has-post-thumbnail","hentry"],"acf":[],"mb":[],"mfb_rest_fields":["title","gutenberg_elementor_mode"],"_links":{"self":[{"href":"https:\/\/portal.fgeo.gob.mx\/index.php\/wp-json\/wp\/v2\/noticias\/19396","targetHints":{"allow":["GET"]}}],"collection":[{"href":"https:\/\/portal.fgeo.gob.mx\/index.php\/wp-json\/wp\/v2\/noticias"}],"about":[{"href":"https:\/\/portal.fgeo.gob.mx\/index.php\/wp-json\/wp\/v2\/types\/noticias"}],"author":[{"embeddable":true,"href":"https:\/\/portal.fgeo.gob.mx\/index.php\/wp-json\/wp\/v2\/users\/5"}],"replies":[{"embeddable":true,"href":"https:\/\/portal.fgeo.gob.mx\/index.php\/wp-json\/wp\/v2\/comments?post=19396"}],"wp:featuredmedia":[{"embeddable":true,"href":"https:\/\/portal.fgeo.gob.mx\/index.php\/wp-json\/"}],"wp:attachment":[{"href":"https:\/\/portal.fgeo.gob.mx\/index.php\/wp-json\/wp\/v2\/media?parent=19396"}],"wp:term":[{"taxonomy":"post_tag","embeddable":true,"href":"https:\/\/portal.fgeo.gob.mx\/index.php\/wp-json\/wp\/v2\/tags?post=19396"},{"taxonomy":"categoria_noticias","embeddable":true,"href":"https:\/\/portal.fgeo.gob.mx\/index.php\/wp-json\/wp\/v2\/categoria_noticias?post=19396"}],"curies":[{"name":"wp","href":"https:\/\/api.w.org\/{rel}","templated":true}]}}