{"id":19393,"date":"2025-11-25T12:30:34","date_gmt":"2025-11-25T18:30:34","guid":{"rendered":"https:\/\/fge.oaxaca.gob.mx\/?post_type=noticias&amp;p=11010"},"modified":"2025-11-25T12:30:34","modified_gmt":"2025-11-25T18:30:34","slug":"boletin-1965-fiscalia-de-oaxaca-logra-sentencia-de-66-anos-de-prision-contra-responsable-de-feminicidio-quien-previamente-acoso-a-la-victima","status":"publish","type":"noticias","link":"https:\/\/portal.fgeo.gob.mx\/index.php\/archivos\/noticias\/boletin-1965-fiscalia-de-oaxaca-logra-sentencia-de-66-anos-de-prision-contra-responsable-de-feminicidio-quien-previamente-acoso-a-la-victima","title":{"rendered":"BOLET\u00cdN 1,965.- Fiscal\u00eda de Oaxaca logra sentencia de 66 a\u00f1os de prisi\u00f3n contra responsable de feminicidio, quien previamente acos\u00f3 a la v\u00edctima"},"content":{"rendered":"<p>&nbsp;<\/p>\n<p><strong>Oaxaca de Ju\u00e1rez, Oax., a 25 de noviembre de 2025.-<\/strong> Como resultado de investigaciones ministeriales especializadas con perspectiva de g\u00e9nero, la Fiscal\u00eda General del Estado de Oaxaca (FGEO) obtuvo una sentencia condenatoria de 66 a\u00f1os y 6 meses de prisi\u00f3n contra Francisco R.Z.M., por el delito de feminicidio agravado cometido en agravio de L.E.M.V., en la regi\u00f3n Sierra de Flores Mag\u00f3n.<\/p>\n<p>De acuerdo con la causa penal, los hechos iniciaron el 14 de junio de 2020, cuando la v\u00edctima comenz\u00f3 a trabajar en un negocio de comunicaciones, ubicado en la localidad de Piedra Ancha, en el municipio de Mazatl\u00e1n Villa de Flores, distrito de Teotitl\u00e1n, sitio en donde sufri\u00f3 acoso constante por parte del hoy sentenciado, quien era el encargado del establecimiento.<\/p>\n<p>Las investigaciones revelaron que Francisco R.Z.M., insist\u00eda repetidamente en pedirle a la v\u00edctima que fuera su novia, pero la v\u00edctima se neg\u00f3, por lo que el agresor intensific\u00f3 el acoso en el entorno de L.E.M.V.<\/p>\n<p>El 18 de julio de 2020, Francisco R.Z.M. ingres\u00f3 al negocio donde trabajaba la v\u00edctima y la atac\u00f3 con un objeto punzocortante, provocando m\u00faltiples lesiones que le causaron la muerte.<\/p>\n<p>Como parte de una investigaci\u00f3n bajo el Protocolo Ministerial, Policial y Pericial del Delito de Feminicidio, realizada por la Fiscal\u00eda de Oaxaca -a trav\u00e9s de la Vicefiscal\u00eda General de Control Regional-, fue posible establecer l\u00edneas s\u00f3lidas de investigaci\u00f3n que llevaron a la localizaci\u00f3n y posterior detenci\u00f3n de Francisco R.Z.M.<\/p>\n<p>Con base en las pruebas presentadas por la FGEO, el Tribunal de Enjuiciamiento dict\u00f3 sentencia condenatoria en contra de Francisco R.Z.M., a quien impusieron una pena de 66 a\u00f1os y 6 meses de prisi\u00f3n, adem\u00e1s del pago de una multa y la reparaci\u00f3n del da\u00f1o a favor de la v\u00edctima indirecta.<\/p>\n<p>En el marco del 25 de noviembre, D\u00eda Internacional para la Eliminaci\u00f3n de la Violencia contra las Mujeres, la Fiscal\u00eda General del Estado de Oaxaca reitera que casos como este no quedar\u00e1n en la impunidad, reafirmando su compromiso de investigar y sancionar con todo el rigor de la ley a quienes atenten contra la vida e integridad de las mujeres en Oaxaca.<\/p>\n<p><img fetchpriority=\"high\" decoding=\"async\" class=\"size-medium wp-image-11011\" src=\"https:\/\/fge.oaxaca.gob.mx\/wp-content\/uploads\/2025\/11\/Dise\u00f1o-sin-t\u00edtulo-25-205x300.jpg\" alt=\"\" width=\"205\" height=\"300\" \/><\/p>\n","protected":false},"author":5,"featured_media":10990,"comment_status":"closed","ping_status":"closed","template":"","tags":[],"categoria_noticias":[],"class_list":["post-19393","noticias","type-noticias","status-publish","has-post-thumbnail","hentry"],"acf":[],"mb":[],"mfb_rest_fields":["title","gutenberg_elementor_mode"],"_links":{"self":[{"href":"https:\/\/portal.fgeo.gob.mx\/index.php\/wp-json\/wp\/v2\/noticias\/19393","targetHints":{"allow":["GET"]}}],"collection":[{"href":"https:\/\/portal.fgeo.gob.mx\/index.php\/wp-json\/wp\/v2\/noticias"}],"about":[{"href":"https:\/\/portal.fgeo.gob.mx\/index.php\/wp-json\/wp\/v2\/types\/noticias"}],"author":[{"embeddable":true,"href":"https:\/\/portal.fgeo.gob.mx\/index.php\/wp-json\/wp\/v2\/users\/5"}],"replies":[{"embeddable":true,"href":"https:\/\/portal.fgeo.gob.mx\/index.php\/wp-json\/wp\/v2\/comments?post=19393"}],"wp:featuredmedia":[{"embeddable":true,"href":"https:\/\/portal.fgeo.gob.mx\/index.php\/wp-json\/"}],"wp:attachment":[{"href":"https:\/\/portal.fgeo.gob.mx\/index.php\/wp-json\/wp\/v2\/media?parent=19393"}],"wp:term":[{"taxonomy":"post_tag","embeddable":true,"href":"https:\/\/portal.fgeo.gob.mx\/index.php\/wp-json\/wp\/v2\/tags?post=19393"},{"taxonomy":"categoria_noticias","embeddable":true,"href":"https:\/\/portal.fgeo.gob.mx\/index.php\/wp-json\/wp\/v2\/categoria_noticias?post=19393"}],"curies":[{"name":"wp","href":"https:\/\/api.w.org\/{rel}","templated":true}]}}