{"id":19392,"date":"2025-11-25T09:23:39","date_gmt":"2025-11-25T15:23:39","guid":{"rendered":"https:\/\/fge.oaxaca.gob.mx\/?post_type=noticias&amp;p=11006"},"modified":"2025-11-25T09:23:39","modified_gmt":"2025-11-25T15:23:39","slug":"boletin-1964-fiscalia-de-oaxaca-obtiene-sentencia-de-30-anos-de-prision-contra-pascual-i-r-c-alias-el-chamuco-o-el-demonio-por-homicidio-de-taxista-en-el-ejid","status":"publish","type":"noticias","link":"https:\/\/portal.fgeo.gob.mx\/index.php\/archivos\/noticias\/boletin-1964-fiscalia-de-oaxaca-obtiene-sentencia-de-30-anos-de-prision-contra-pascual-i-r-c-alias-el-chamuco-o-el-demonio-por-homicidio-de-taxista-en-el-ejid","title":{"rendered":"BOLET\u00cdN 1,964.- Fiscal\u00eda de Oaxaca obtiene sentencia de 30 a\u00f1os de prisi\u00f3n contra Pascual I.R.C., alias \u201cEl Chamuco\u201d o \u201cEl Demonio\u201d, por homicidio de taxista en el Ejido Guadalupe Victoria"},"content":{"rendered":"<p>&nbsp;<\/p>\n<p><strong>Oaxaca de Ju\u00e1rez, Oax. 25 de noviembre de 2025.-<\/strong> La Fiscal\u00eda General del Estado de Oaxaca (FGEO) obtuvo una sentencia condenatoria de 30 a\u00f1os de prisi\u00f3n contra Pascual I.R.C., alias \u201cEl Chamuco\u201d o \u201cEl Demonio\u201d, por su responsabilidad en la comisi\u00f3n del delito de homicidio calificado con las agravantes de premeditaci\u00f3n, alevos\u00eda y ventaja, cometido en la regi\u00f3n de los Valles Centrales.<\/p>\n<p>&nbsp;<\/p>\n<p>De acuerdo con el expediente penal, los hechos ocurrieron el 27 de abril de 2016, en inmediaciones de la agencia municipal del Ejido Guadalupe Victoria, perteneciente a la ciudad de Oaxaca de Ju\u00e1rez.<\/p>\n<p>&nbsp;<\/p>\n<p>La investigaci\u00f3n revela que la v\u00edctima, identificada como J.C.L.S., se encontraba dentro de un veh\u00edculo habilitado como taxi del sitio Hidalgo, San Francisco Tutla, cuando fue sorprendida y atacada por un grupo de personas que lleg\u00f3 al lugar, quienes lo golpearon con tablas, lo hirieron con un objeto corto contundente (cuchillo) y le dispararon con un arma de fuego, provoc\u00e1ndole lesiones que le causaron la muerte.<\/p>\n<p>&nbsp;<\/p>\n<p>Ante estos hechos, la FGEO, a trav\u00e9s de la Vicefiscal\u00eda General de Control Regional, inici\u00f3 las investigaciones correspondientes, lo que permiti\u00f3 la detenci\u00f3n de Pascual I.R.C., alias \u201cEl Chamuco\u201d o \u201cEl Demonio\u201d, quien posteriormente fue puesto a disposici\u00f3n de la autoridad judicial.<\/p>\n<p>&nbsp;<\/p>\n<p>Durante las audiencias de desahogo de pruebas, el Tribunal de Enjuiciamiento determin\u00f3 que exist\u00edan elementos suficientes para dictar sentencia condenatoria de 30 a\u00f1os de prisi\u00f3n en su contra, adem\u00e1s de imponer el pago por concepto de reparaci\u00f3n del da\u00f1o.<\/p>\n<p>&nbsp;<\/p>\n<p>Cabe destacar que, con esta resoluci\u00f3n, suman tres las personas detenidas y sujetas a proceso penal por este homicidio, ya que la FGEO previamente logr\u00f3 la detenci\u00f3n de J.A.P.R. y J.I.V.Z., alias \u201cEl Raptor\u201d o \u201cEl Pumba\u201d, por su probable participaci\u00f3n en los mismos hechos.<\/p>\n<p>&nbsp;<\/p>\n<p>La Fiscal\u00eda General del Estado de Oaxaca reafirma su compromiso con la procuraci\u00f3n de justicia y con el fortalecimiento de las investigaciones que permitan llevar ante la ley a quien o quienes cometen delitos en agravio de la sociedad.<\/p>\n<p><img fetchpriority=\"high\" decoding=\"async\" class=\"alignnone size-medium wp-image-11007\" src=\"https:\/\/fge.oaxaca.gob.mx\/wp-content\/uploads\/2025\/11\/WhatsApp-Image-2025-11-25-at-9.20.45-AM-2-169x300.jpeg\" alt=\"\" width=\"169\" height=\"300\" \/> <img decoding=\"async\" class=\"alignnone size-medium wp-image-11008\" src=\"https:\/\/fge.oaxaca.gob.mx\/wp-content\/uploads\/2025\/11\/WhatsApp-Image-2025-11-25-at-9.20.45-AM-1-169x300.jpeg\" alt=\"\" width=\"169\" height=\"300\" \/> <img decoding=\"async\" class=\"alignnone size-medium wp-image-11009\" src=\"https:\/\/fge.oaxaca.gob.mx\/wp-content\/uploads\/2025\/11\/WhatsApp-Image-2025-11-25-at-9.20.45-AM-169x300.jpeg\" alt=\"\" width=\"169\" height=\"300\" \/><\/p>\n","protected":false},"author":5,"featured_media":10990,"comment_status":"closed","ping_status":"closed","template":"","tags":[],"categoria_noticias":[],"class_list":["post-19392","noticias","type-noticias","status-publish","has-post-thumbnail","hentry"],"acf":[],"mb":[],"mfb_rest_fields":["title","gutenberg_elementor_mode"],"_links":{"self":[{"href":"https:\/\/portal.fgeo.gob.mx\/index.php\/wp-json\/wp\/v2\/noticias\/19392","targetHints":{"allow":["GET"]}}],"collection":[{"href":"https:\/\/portal.fgeo.gob.mx\/index.php\/wp-json\/wp\/v2\/noticias"}],"about":[{"href":"https:\/\/portal.fgeo.gob.mx\/index.php\/wp-json\/wp\/v2\/types\/noticias"}],"author":[{"embeddable":true,"href":"https:\/\/portal.fgeo.gob.mx\/index.php\/wp-json\/wp\/v2\/users\/5"}],"replies":[{"embeddable":true,"href":"https:\/\/portal.fgeo.gob.mx\/index.php\/wp-json\/wp\/v2\/comments?post=19392"}],"wp:featuredmedia":[{"embeddable":true,"href":"https:\/\/portal.fgeo.gob.mx\/index.php\/wp-json\/"}],"wp:attachment":[{"href":"https:\/\/portal.fgeo.gob.mx\/index.php\/wp-json\/wp\/v2\/media?parent=19392"}],"wp:term":[{"taxonomy":"post_tag","embeddable":true,"href":"https:\/\/portal.fgeo.gob.mx\/index.php\/wp-json\/wp\/v2\/tags?post=19392"},{"taxonomy":"categoria_noticias","embeddable":true,"href":"https:\/\/portal.fgeo.gob.mx\/index.php\/wp-json\/wp\/v2\/categoria_noticias?post=19392"}],"curies":[{"name":"wp","href":"https:\/\/api.w.org\/{rel}","templated":true}]}}