{"id":19390,"date":"2025-11-24T15:02:29","date_gmt":"2025-11-24T21:02:29","guid":{"rendered":"https:\/\/fge.oaxaca.gob.mx\/?post_type=noticias&amp;p=10994"},"modified":"2025-11-24T15:02:29","modified_gmt":"2025-11-24T21:02:29","slug":"boletin-1962-fiscalia-de-oaxaca-solicita-vinculacion-a-proceso-contra-imputado-por-homicidio-de-padrastro-se-realizan-examenes-psiquiatricos-a-detenido","status":"publish","type":"noticias","link":"https:\/\/portal.fgeo.gob.mx\/index.php\/archivos\/noticias\/boletin-1962-fiscalia-de-oaxaca-solicita-vinculacion-a-proceso-contra-imputado-por-homicidio-de-padrastro-se-realizan-examenes-psiquiatricos-a-detenido","title":{"rendered":"Bolet\u00edn 1,962.- Fiscal\u00eda de Oaxaca solicita vinculaci\u00f3n a proceso contra imputado por homicidio de padrastro; se realizan ex\u00e1menes psiqui\u00e1tricos a detenido"},"content":{"rendered":"<p>&nbsp;<\/p>\n<p><strong>Oaxaca de Ju\u00e1rez a 24 de noviembre de 2025.-<\/strong> La Fiscal\u00eda General del Estado de Oaxaca realiz\u00f3 la detenci\u00f3n de una persona del sexo masculino, identificado como M.M.M., por el homicidio de J.G.N. (padrastro del imputado), hechos que sucedieron al interior de un domicilio particular en el municipio de San Pedro Amuzgos.<\/p>\n<p>&nbsp;<\/p>\n<p>De acuerdo con la investigaci\u00f3n sobre el caso, los hechos ocurrieron el 19 de noviembre de 2025, dentro de una vivienda cuando aparentemente, la v\u00edctima sostuvo una discusi\u00f3n con el imputado porque este \u00faltimo se rehusaba a ingerir sus medicamentos.<\/p>\n<p>&nbsp;<\/p>\n<p>Enseguida, luego de una primera agresi\u00f3n, la v\u00edctima perdi\u00f3 la vida luego de sufrir lesiones en diferentes partes del cuerpo, cometidas con un machete.<\/p>\n<p>&nbsp;<\/p>\n<p>Gracias a la intervenci\u00f3n de la Polic\u00eda Municipal fue posible la detenci\u00f3n de M.M.M., quien qued\u00f3 a disposici\u00f3n del Ministerio P\u00fablico, quien lo present\u00f3 ante el Juez y solicit\u00f3 la vinculaci\u00f3n a proceso.<\/p>\n<p>&nbsp;<\/p>\n<p>Como aparte de los trabajos ministeriales que realiza la FGEO, dentro de los actos de investigaci\u00f3n la autoridad est\u00e1 a la espera de los resultados de los estudios en psiquiatr\u00eda forense que se aplican al imputado.<\/p>\n<p>&nbsp;<\/p>\n<p>La Fiscal\u00eda de Oaxaca lleva a cabo trabajos de procuraci\u00f3n de justicia a favor de las v\u00edctimas, empleando diferentes t\u00e9cnicas en ciencias forenses para dar mayor certeza a las investigaciones ministeriales.<\/p>\n<p><img fetchpriority=\"high\" decoding=\"async\" class=\"alignnone size-medium wp-image-10995\" src=\"https:\/\/fge.oaxaca.gob.mx\/wp-content\/uploads\/2025\/11\/WhatsApp-Image-2025-11-24-at-2.47.49-PM-175x300.jpeg\" alt=\"\" width=\"175\" height=\"300\" \/><\/p>\n","protected":false},"author":5,"featured_media":10990,"comment_status":"closed","ping_status":"closed","template":"","tags":[],"categoria_noticias":[],"class_list":["post-19390","noticias","type-noticias","status-publish","has-post-thumbnail","hentry"],"acf":[],"mb":[],"mfb_rest_fields":["title","gutenberg_elementor_mode"],"_links":{"self":[{"href":"https:\/\/portal.fgeo.gob.mx\/index.php\/wp-json\/wp\/v2\/noticias\/19390","targetHints":{"allow":["GET"]}}],"collection":[{"href":"https:\/\/portal.fgeo.gob.mx\/index.php\/wp-json\/wp\/v2\/noticias"}],"about":[{"href":"https:\/\/portal.fgeo.gob.mx\/index.php\/wp-json\/wp\/v2\/types\/noticias"}],"author":[{"embeddable":true,"href":"https:\/\/portal.fgeo.gob.mx\/index.php\/wp-json\/wp\/v2\/users\/5"}],"replies":[{"embeddable":true,"href":"https:\/\/portal.fgeo.gob.mx\/index.php\/wp-json\/wp\/v2\/comments?post=19390"}],"wp:featuredmedia":[{"embeddable":true,"href":"https:\/\/portal.fgeo.gob.mx\/index.php\/wp-json\/"}],"wp:attachment":[{"href":"https:\/\/portal.fgeo.gob.mx\/index.php\/wp-json\/wp\/v2\/media?parent=19390"}],"wp:term":[{"taxonomy":"post_tag","embeddable":true,"href":"https:\/\/portal.fgeo.gob.mx\/index.php\/wp-json\/wp\/v2\/tags?post=19390"},{"taxonomy":"categoria_noticias","embeddable":true,"href":"https:\/\/portal.fgeo.gob.mx\/index.php\/wp-json\/wp\/v2\/categoria_noticias?post=19390"}],"curies":[{"name":"wp","href":"https:\/\/api.w.org\/{rel}","templated":true}]}}