{"id":19389,"date":"2025-11-24T12:08:22","date_gmt":"2025-11-24T18:08:22","guid":{"rendered":"https:\/\/fge.oaxaca.gob.mx\/?post_type=noticias&amp;p=10991"},"modified":"2025-11-24T12:08:22","modified_gmt":"2025-11-24T18:08:22","slug":"boletin-1961-fiscalia-de-oaxaca-aprehende-a-un-hombre-por-abuso-sexual-y-violacion-agravada-cometida-contra-una-adolescente-en-la-region-mixteca","status":"publish","type":"noticias","link":"https:\/\/portal.fgeo.gob.mx\/index.php\/archivos\/noticias\/boletin-1961-fiscalia-de-oaxaca-aprehende-a-un-hombre-por-abuso-sexual-y-violacion-agravada-cometida-contra-una-adolescente-en-la-region-mixteca","title":{"rendered":"BOLET\u00cdN 1,961.- Fiscal\u00eda de Oaxaca aprehende a un hombre por abuso sexual y violaci\u00f3n agravada cometida contra una adolescente en la regi\u00f3n Mixteca"},"content":{"rendered":"<p>&nbsp;<\/p>\n<p><strong>Oaxaca de Ju\u00e1rez a 24 de noviembre de 2025.-<\/strong> Las investigaciones con raz\u00f3n de g\u00e9nero que realiza la Fiscal\u00eda General del Estado de Oaxaca (FGEO) hicieron posible ejecutar una orden de aprehensi\u00f3n para detener a un hombre identificado como F.J.S., por los delitos Abuso Sexual Agravado y Violaci\u00f3n Agravada cometidos en contra de una adolescente ocurrida en la regi\u00f3n Mixteca.<\/p>\n<p>&nbsp;<\/p>\n<p>La detenci\u00f3n de F.J.S., fue efectuada por elementos de la Agencia Estatal de Investigaciones (AEI) cuando se encontraba a un costado de la calle Prolongaci\u00f3n de Independencia del centro de la Heroica Ciudad de Tlaxiaco derivado de hechos ocurridos en este mismo municipio en que una adolescente fue agredida sexualmente.<\/p>\n<p>&nbsp;<\/p>\n<p>Cuando la FGEO recibi\u00f3 la denuncia de este delito, inici\u00f3 las investigaciones con perspectiva de g\u00e9nero a trav\u00e9s de la Vicefiscal\u00eda Regional de la Mixteca y derivado de los resultados de prueba, obtuvo una orden de aprehensi\u00f3n, mandato judicial al que se le dio cumplimiento durante un operativo efectuado por los agentes ministeriales que lo pusieron a disposici\u00f3n de la autoridad competente que lo requiri\u00f3.<\/p>\n<p>&nbsp;<\/p>\n<p>La Fiscal\u00eda de Oaxaca cuenta con \u00e1reas especializadas para la atenci\u00f3n y acompa\u00f1amiento de las v\u00edctimas de delitos sexuales, servicios que se priorizan cuando se trata de ni\u00f1as, ni\u00f1os y adolescentes.<\/p>\n<figure id=\"attachment_10992\" aria-describedby=\"caption-attachment-10992\" style=\"width: 276px\" class=\"wp-caption alignnone\"><img fetchpriority=\"high\" decoding=\"async\" class=\"size-medium wp-image-10992\" src=\"https:\/\/fge.oaxaca.gob.mx\/wp-content\/uploads\/2025\/11\/Dise\u00f1o-sin-t\u00edtulo-24-276x300.jpg\" alt=\"\" width=\"276\" height=\"300\" \/><figcaption id=\"caption-attachment-10992\" class=\"wp-caption-text\">Dise\u00f1o sin t\u00edtulo &#8211; 1<\/figcaption><\/figure>\n<p><img decoding=\"async\" class=\"alignnone size-medium wp-image-10993\" src=\"https:\/\/fge.oaxaca.gob.mx\/wp-content\/uploads\/2025\/11\/Dise\u00f1o-sin-t\u00edtulo-1-10-226x300.jpg\" alt=\"\" width=\"226\" height=\"300\" \/><\/p>\n","protected":false},"author":5,"featured_media":10990,"comment_status":"closed","ping_status":"closed","template":"","tags":[],"categoria_noticias":[],"class_list":["post-19389","noticias","type-noticias","status-publish","has-post-thumbnail","hentry"],"acf":[],"mb":[],"mfb_rest_fields":["title","gutenberg_elementor_mode"],"_links":{"self":[{"href":"https:\/\/portal.fgeo.gob.mx\/index.php\/wp-json\/wp\/v2\/noticias\/19389","targetHints":{"allow":["GET"]}}],"collection":[{"href":"https:\/\/portal.fgeo.gob.mx\/index.php\/wp-json\/wp\/v2\/noticias"}],"about":[{"href":"https:\/\/portal.fgeo.gob.mx\/index.php\/wp-json\/wp\/v2\/types\/noticias"}],"author":[{"embeddable":true,"href":"https:\/\/portal.fgeo.gob.mx\/index.php\/wp-json\/wp\/v2\/users\/5"}],"replies":[{"embeddable":true,"href":"https:\/\/portal.fgeo.gob.mx\/index.php\/wp-json\/wp\/v2\/comments?post=19389"}],"wp:featuredmedia":[{"embeddable":true,"href":"https:\/\/portal.fgeo.gob.mx\/index.php\/wp-json\/"}],"wp:attachment":[{"href":"https:\/\/portal.fgeo.gob.mx\/index.php\/wp-json\/wp\/v2\/media?parent=19389"}],"wp:term":[{"taxonomy":"post_tag","embeddable":true,"href":"https:\/\/portal.fgeo.gob.mx\/index.php\/wp-json\/wp\/v2\/tags?post=19389"},{"taxonomy":"categoria_noticias","embeddable":true,"href":"https:\/\/portal.fgeo.gob.mx\/index.php\/wp-json\/wp\/v2\/categoria_noticias?post=19389"}],"curies":[{"name":"wp","href":"https:\/\/api.w.org\/{rel}","templated":true}]}}