{"id":19387,"date":"2025-11-22T16:52:45","date_gmt":"2025-11-22T22:52:45","guid":{"rendered":"https:\/\/fge.oaxaca.gob.mx\/?post_type=noticias&amp;p=10985"},"modified":"2025-11-22T16:52:45","modified_gmt":"2025-11-22T22:52:45","slug":"boletin-1958-fiscalia-de-oaxaca-obtiene-sentencia-de-17-anos-de-prision-contra-responsable-de-violacion-cometida-en-agravio-de-adolescente-en-el-distrito-de-zimatlan-de-alvarez","status":"publish","type":"noticias","link":"https:\/\/portal.fgeo.gob.mx\/index.php\/archivos\/noticias\/boletin-1958-fiscalia-de-oaxaca-obtiene-sentencia-de-17-anos-de-prision-contra-responsable-de-violacion-cometida-en-agravio-de-adolescente-en-el-distrito-de-zimatlan-de-alvarez","title":{"rendered":"BOLET\u00cdN 1958.- Fiscal\u00eda de Oaxaca obtiene sentencia de 17 a\u00f1os de prisi\u00f3n contra responsable de violaci\u00f3n cometida en agravio de adolescente, en el distrito de Zimatl\u00e1n de \u00c1lvarez"},"content":{"rendered":"<p><strong>Oaxaca de Ju\u00e1rez a 22 de noviembre de 2025<\/strong>.- Como parte de la estrategia de combate a los delitos cometidos en contra de ni\u00f1as, ni\u00f1os, adolescentes y mujeres, la Fiscal\u00eda General del Estado de Oaxaca (FGEO) obtuvo una sentencia condenatoria de 17 a\u00f1os de prisi\u00f3n en contra de una persona del sexo masculino identificada como Arnulfo T.H.G., por su responsabilidad en la comisi\u00f3n del delito de violaci\u00f3n en agravio de una adolescente cometido en la regi\u00f3n de los Valles Centrales.<\/p>\n<p>&nbsp;<\/p>\n<p>De acuerdo con el expediente penal del caso, el 20 de noviembre de 2022, el hoy sentenciado hab\u00eda invitado a la v\u00edctima -una adolescente de 16 a\u00f1os de edad, cuya identidad est\u00e1 reservada por ley- a un baile que se llev\u00f3 a cabo en la poblaci\u00f3n de las Huertas perteneciente a San Pedro El Alto en el distrito de Zimatl\u00e1n de \u00c1lvarez, lugar donde estuvieron conviviendo.<\/p>\n<p>&nbsp;<\/p>\n<p>Sin embargo, por la madrugada del 21 de noviembre, el imputado llev\u00f3 a la v\u00edctima a su veh\u00edculo y ya estando dentro de la unidad la agredi\u00f3 de manera sexual.<\/p>\n<p>&nbsp;<\/p>\n<p>Luego que la Fiscal\u00eda de Oaxaca recibi\u00f3 la denuncia correspondiente, se iniciaron las investigaciones ministeriales con perspectiva de g\u00e9nero e infancia a trav\u00e9s de la Vicefiscal\u00eda Regional de los Valles Centrales, que logr\u00f3 la detenci\u00f3n de Arnulfo T.H.G., quien qued\u00f3 a disposici\u00f3n de la autoridad correspondiente.<\/p>\n<p>&nbsp;<\/p>\n<p>Gracias a los resultados aportados por la FGEO derivado del trabajo multidisciplinario, la autoridad judicial tuvo los elementos suficientes para dictar sentencia condenatoria de 17 a\u00f1os de prisi\u00f3n en contra de Arnulfo T.H.G., por su responsabilidad en el delito de violaci\u00f3n adem\u00e1s de imponerle el pago de una multa econ\u00f3mica y reparaci\u00f3n del da\u00f1o.<\/p>\n<p>&nbsp;<\/p>\n<p>La Fiscal\u00eda General del Estado de Oaxaca tiene entre sus ejes rectores garantizar una vida libre de violencia para ni\u00f1as, ni\u00f1os y adolescentes, a trav\u00e9s de los mecanismos de procuraci\u00f3n de justicia que est\u00e1n a cargo de \u00e1reas especializadas y bien capacitadas para este tipo de labores.<\/p>\n<p><img fetchpriority=\"high\" decoding=\"async\" class=\"alignnone size-medium wp-image-10986\" src=\"https:\/\/fge.oaxaca.gob.mx\/wp-content\/uploads\/2025\/11\/WhatsApp-Image-2025-11-22-at-4.36.24-PM-217x300.jpeg\" alt=\"\" width=\"217\" height=\"300\" \/><\/p>\n","protected":false},"author":5,"featured_media":10947,"comment_status":"closed","ping_status":"closed","template":"","tags":[],"categoria_noticias":[],"class_list":["post-19387","noticias","type-noticias","status-publish","has-post-thumbnail","hentry"],"acf":[],"mb":[],"mfb_rest_fields":["title","gutenberg_elementor_mode"],"_links":{"self":[{"href":"https:\/\/portal.fgeo.gob.mx\/index.php\/wp-json\/wp\/v2\/noticias\/19387","targetHints":{"allow":["GET"]}}],"collection":[{"href":"https:\/\/portal.fgeo.gob.mx\/index.php\/wp-json\/wp\/v2\/noticias"}],"about":[{"href":"https:\/\/portal.fgeo.gob.mx\/index.php\/wp-json\/wp\/v2\/types\/noticias"}],"author":[{"embeddable":true,"href":"https:\/\/portal.fgeo.gob.mx\/index.php\/wp-json\/wp\/v2\/users\/5"}],"replies":[{"embeddable":true,"href":"https:\/\/portal.fgeo.gob.mx\/index.php\/wp-json\/wp\/v2\/comments?post=19387"}],"wp:featuredmedia":[{"embeddable":true,"href":"https:\/\/portal.fgeo.gob.mx\/index.php\/wp-json\/"}],"wp:attachment":[{"href":"https:\/\/portal.fgeo.gob.mx\/index.php\/wp-json\/wp\/v2\/media?parent=19387"}],"wp:term":[{"taxonomy":"post_tag","embeddable":true,"href":"https:\/\/portal.fgeo.gob.mx\/index.php\/wp-json\/wp\/v2\/tags?post=19387"},{"taxonomy":"categoria_noticias","embeddable":true,"href":"https:\/\/portal.fgeo.gob.mx\/index.php\/wp-json\/wp\/v2\/categoria_noticias?post=19387"}],"curies":[{"name":"wp","href":"https:\/\/api.w.org\/{rel}","templated":true}]}}