{"id":19386,"date":"2025-11-22T12:01:02","date_gmt":"2025-11-22T18:01:02","guid":{"rendered":"https:\/\/fge.oaxaca.gob.mx\/?post_type=noticias&amp;p=10983"},"modified":"2025-11-22T12:01:02","modified_gmt":"2025-11-22T18:01:02","slug":"boletin-1957-fiscalia-de-oaxaca-obtiene-vinculacion-a-proceso-contra-imputado-por-abuso-sexual-animal-cometido-en-el-istmo-de-tehuantepec","status":"publish","type":"noticias","link":"https:\/\/portal.fgeo.gob.mx\/index.php\/archivos\/noticias\/boletin-1957-fiscalia-de-oaxaca-obtiene-vinculacion-a-proceso-contra-imputado-por-abuso-sexual-animal-cometido-en-el-istmo-de-tehuantepec","title":{"rendered":"BOLET\u00cdN 1957.- Fiscal\u00eda de Oaxaca obtiene vinculaci\u00f3n a proceso contra imputado por Abuso Sexual Animal, cometido en el Istmo de Tehuantepec"},"content":{"rendered":"<p><strong>Oaxaca de Ju\u00e1rez a 22 de noviembre de 2025<\/strong>.- La Fiscal\u00eda General del Estado de Oaxaca (FGEO) obtuvo auto de vinculaci\u00f3n a proceso en contra de C.C.J., por el delito de Abuso Sexual Animal, cometido en agravio de una perrita en Salina Cruz.<\/p>\n<p>&nbsp;<\/p>\n<p>De acuerdo con el expediente penal del caso, los hechos que se imputan, sucedieron el 10 de noviembre de 2025, cuando polic\u00eda municipales de la poblaci\u00f3n fueron requeridos para atender una situaci\u00f3n, pues en un domicilio de la avenida Tampico, en la colonia Revoluci\u00f3n, estaba un adulto sin ropa y con una perrita identificada como \u201cChiris\u201d, con quien ten\u00eda una conducta constitutiva de delito.<\/p>\n<p>&nbsp;<\/p>\n<p>Luego de intervenir, C.C.J. fue detenido y qued\u00f3 a disposici\u00f3n del Ministerio P\u00fablico de la Vicefiscal\u00eda Regional del Istmo, que realiz\u00f3 las investigaciones correspondientes, adem\u00e1s de dar intervenci\u00f3n a un perito veterinario que realiz\u00f3 los estudios cient\u00edficos que permitieron dar certeza a las indagatorias.<\/p>\n<p>&nbsp;<\/p>\n<p>La Fiscal\u00eda de Oaxaca present\u00f3 las pruebas suficientes, en las cuales se bas\u00f3 el Juez de la causa para dictar auto de vinculaci\u00f3n a proceso contra C.C.J., en tanto que el Ministerio P\u00fablico solicit\u00f3 la medida cautelar de prisi\u00f3n preventiva contra el imputado, aunque se concedi\u00f3 una medida diferente, de acuerdo con lo establecido en la ley.<\/p>\n<p>&nbsp;<\/p>\n<p>La Fiscal\u00eda de Oaxaca realiza trabajos ministeriales por cualquier tipo de conducta delictiva contra animales vertebrados, para sancionar dichos actos conforme a lo que consta en el C\u00f3digo Penal Vigente para el Estado.<\/p>\n<p>&nbsp;<\/p>\n<p><img decoding=\"async\" class=\"alignnone size-full wp-image-10984\" src=\"https:\/\/fge.oaxaca.gob.mx\/wp-content\/uploads\/2025\/11\/22-noviembre.jpg\" alt=\"\" width=\"182\" height=\"171\" \/><\/p>\n","protected":false},"author":5,"featured_media":10947,"comment_status":"closed","ping_status":"closed","template":"","tags":[],"categoria_noticias":[],"class_list":["post-19386","noticias","type-noticias","status-publish","has-post-thumbnail","hentry"],"acf":[],"mb":[],"mfb_rest_fields":["title","gutenberg_elementor_mode"],"_links":{"self":[{"href":"https:\/\/portal.fgeo.gob.mx\/index.php\/wp-json\/wp\/v2\/noticias\/19386","targetHints":{"allow":["GET"]}}],"collection":[{"href":"https:\/\/portal.fgeo.gob.mx\/index.php\/wp-json\/wp\/v2\/noticias"}],"about":[{"href":"https:\/\/portal.fgeo.gob.mx\/index.php\/wp-json\/wp\/v2\/types\/noticias"}],"author":[{"embeddable":true,"href":"https:\/\/portal.fgeo.gob.mx\/index.php\/wp-json\/wp\/v2\/users\/5"}],"replies":[{"embeddable":true,"href":"https:\/\/portal.fgeo.gob.mx\/index.php\/wp-json\/wp\/v2\/comments?post=19386"}],"wp:featuredmedia":[{"embeddable":true,"href":"https:\/\/portal.fgeo.gob.mx\/index.php\/wp-json\/"}],"wp:attachment":[{"href":"https:\/\/portal.fgeo.gob.mx\/index.php\/wp-json\/wp\/v2\/media?parent=19386"}],"wp:term":[{"taxonomy":"post_tag","embeddable":true,"href":"https:\/\/portal.fgeo.gob.mx\/index.php\/wp-json\/wp\/v2\/tags?post=19386"},{"taxonomy":"categoria_noticias","embeddable":true,"href":"https:\/\/portal.fgeo.gob.mx\/index.php\/wp-json\/wp\/v2\/categoria_noticias?post=19386"}],"curies":[{"name":"wp","href":"https:\/\/api.w.org\/{rel}","templated":true}]}}