{"id":19378,"date":"2025-11-20T10:50:19","date_gmt":"2025-11-20T16:50:19","guid":{"rendered":"https:\/\/fge.oaxaca.gob.mx\/?post_type=noticias&amp;p=10959"},"modified":"2025-11-20T10:50:19","modified_gmt":"2025-11-20T16:50:19","slug":"boletin-1950-en-accion-interinstitucional-inmediata-rescatan-con-vida-a-victima-y-capturan-en-santa-catarina-minas-a-una-persona-por-secuestro-identificado-como-lider-de-una-celula-delictiva-de-l","status":"publish","type":"noticias","link":"https:\/\/portal.fgeo.gob.mx\/index.php\/archivos\/noticias\/boletin-1950-en-accion-interinstitucional-inmediata-rescatan-con-vida-a-victima-y-capturan-en-santa-catarina-minas-a-una-persona-por-secuestro-identificado-como-lider-de-una-celula-delictiva-de-l","title":{"rendered":"BOLET\u00cdN 1,950.- En acci\u00f3n interinstitucional inmediata, rescatan con vida a v\u00edctima y capturan en Santa Catarina Minas a una persona por secuestro, identificado como l\u00edder de una c\u00e9lula delictiva de la zona: Fiscal\u00eda de Oaxaca"},"content":{"rendered":"<p>&nbsp;<\/p>\n<p>* Luego de su detenci\u00f3n, el imputado fue puesto a disposici\u00f3n de la Fiscal\u00eda General de la Rep\u00fablica<\/p>\n<p><strong>Oaxaca de Ju\u00e1rez a 20 de noviembre de 2025.-<\/strong> Como resultado de una acci\u00f3n inmediata y coordinada, la Fiscal\u00eda General del Estado de Oaxaca (FGEO) logr\u00f3 la detenci\u00f3n de una persona del sexo masculino identificado como J.L.M., alias \u201cEl Contador\u201d por el delito de secuestro cometido en inmediaciones de Santa Catarina Minas; las investigaciones iniciales revelan que es un objetivo prioritario relacionado con una c\u00e9lula delictiva que opera en esta zona de los Valles Centrales.<\/p>\n<p>De acuerdo con la carpeta de investigaci\u00f3n, el 17 de noviembre de 2025, elementos de la Polic\u00eda Municipal recibieron un reporte sobre un secuestro ocurrido en la calle Iturbide esquina con Camino Real o Camino a Minas, en perjuicio de una mujer.<\/p>\n<p>Las investigaciones revelaron que, en ese lugar, un hombre a bordo de una camioneta marca Jeep, color blanco, intercept\u00f3 a la v\u00edctima, quien fue subida por la fuerza al veh\u00edculo.<\/p>\n<p>Al momento, los efectivos se dirigieron hacia el lugar donde interceptaron y detuvieron la marcha de la camioneta.<\/p>\n<p>Al acercarse al veh\u00edculo, los oficiales observaron que el conductor portaba un arma de fuego, por lo que se aplicaron los protocolos de desarme y posterior detenci\u00f3n de esta persona.<\/p>\n<p>Adem\u00e1s, que lograron la liberaci\u00f3n con vida de la v\u00edctima que estaba dentro de la camioneta.<\/p>\n<p>Ante los hechos, la Fiscal\u00eda General del Estado de Oaxaca, tuvo intervenci\u00f3n a trav\u00e9s de la Vicefiscal\u00eda Regional de los Valles Centrales, por lo que elementos de la Agencia Estatal de Investigaciones (AEI), con apoyo de la Secretar\u00eda de la Defensa Nacional (DEFENSA), trasladaron al detenido para ponerlo a disposici\u00f3n del ministerio p\u00fablico.<\/p>\n<p>La Fiscal\u00eda General del Estado de Oaxaca reafirma que las labores de investigaci\u00f3n y persecuci\u00f3n penal forman parte de su estrategia integral para combatir los delitos de alto impacto, con el objetivo de fortalecer la seguridad p\u00fablica y garantizar justicia a la ciudadan\u00eda.<\/p>\n<p><img fetchpriority=\"high\" decoding=\"async\" class=\"alignnone size-medium wp-image-10960\" src=\"https:\/\/fge.oaxaca.gob.mx\/wp-content\/uploads\/2025\/11\/WhatsApp-Image-2025-11-20-at-10.31.18-AM-1-300x225.jpeg\" alt=\"\" width=\"300\" height=\"225\" \/> <img decoding=\"async\" class=\"alignnone size-medium wp-image-10961\" src=\"https:\/\/fge.oaxaca.gob.mx\/wp-content\/uploads\/2025\/11\/WhatsApp-Image-2025-11-20-at-10.31.18-AM-281x300.jpeg\" alt=\"\" width=\"281\" height=\"300\" \/><\/p>\n","protected":false},"author":5,"featured_media":10947,"comment_status":"closed","ping_status":"closed","template":"","tags":[],"categoria_noticias":[],"class_list":["post-19378","noticias","type-noticias","status-publish","has-post-thumbnail","hentry"],"acf":[],"mb":[],"mfb_rest_fields":["title","gutenberg_elementor_mode"],"_links":{"self":[{"href":"https:\/\/portal.fgeo.gob.mx\/index.php\/wp-json\/wp\/v2\/noticias\/19378","targetHints":{"allow":["GET"]}}],"collection":[{"href":"https:\/\/portal.fgeo.gob.mx\/index.php\/wp-json\/wp\/v2\/noticias"}],"about":[{"href":"https:\/\/portal.fgeo.gob.mx\/index.php\/wp-json\/wp\/v2\/types\/noticias"}],"author":[{"embeddable":true,"href":"https:\/\/portal.fgeo.gob.mx\/index.php\/wp-json\/wp\/v2\/users\/5"}],"replies":[{"embeddable":true,"href":"https:\/\/portal.fgeo.gob.mx\/index.php\/wp-json\/wp\/v2\/comments?post=19378"}],"wp:featuredmedia":[{"embeddable":true,"href":"https:\/\/portal.fgeo.gob.mx\/index.php\/wp-json\/"}],"wp:attachment":[{"href":"https:\/\/portal.fgeo.gob.mx\/index.php\/wp-json\/wp\/v2\/media?parent=19378"}],"wp:term":[{"taxonomy":"post_tag","embeddable":true,"href":"https:\/\/portal.fgeo.gob.mx\/index.php\/wp-json\/wp\/v2\/tags?post=19378"},{"taxonomy":"categoria_noticias","embeddable":true,"href":"https:\/\/portal.fgeo.gob.mx\/index.php\/wp-json\/wp\/v2\/categoria_noticias?post=19378"}],"curies":[{"name":"wp","href":"https:\/\/api.w.org\/{rel}","templated":true}]}}