{"id":19377,"date":"2025-11-19T18:44:14","date_gmt":"2025-11-20T00:44:14","guid":{"rendered":"https:\/\/fge.oaxaca.gob.mx\/?post_type=noticias&amp;p=10953"},"modified":"2025-11-19T18:44:14","modified_gmt":"2025-11-20T00:44:14","slug":"boletin-1949-resultados-del-operativo-sable-permiten-desmantelamiento-progresivo-y-revelan-estructura-de-grupo-delictivo-en-el-istmo-fiscalia-de-oaxaca","status":"publish","type":"noticias","link":"https:\/\/portal.fgeo.gob.mx\/index.php\/archivos\/noticias\/boletin-1949-resultados-del-operativo-sable-permiten-desmantelamiento-progresivo-y-revelan-estructura-de-grupo-delictivo-en-el-istmo-fiscalia-de-oaxaca","title":{"rendered":"BOLET\u00cdN 1,949.- Resultados del Operativo Sable permiten desmantelamiento progresivo y revelan estructura de grupo delictivo en el Istmo: Fiscal\u00eda de Oaxaca"},"content":{"rendered":"<p>Oaxaca de Ju\u00e1rez a 19 de noviembre de 2025.- El Fiscal General del Estado de Oaxaca, Bernardo Rodr\u00edguez Alamilla inform\u00f3 que, Derivado del reforzamiento del Operativo Sable en Juchit\u00e1n de Zaragoza, se han detenido a 12 objetivos prioritarios y realizado al menos 25 cateos, lo que permiti\u00f3 la identificaci\u00f3n de los intercesores de la estructura de la c\u00e9lula delictiva de \u201cLos Cromos\u201d.<\/p>\n<p>Durante la conferencia de prensa del Gabinete de Seguridad, el Fiscal Bernardo Rodr\u00edguez Alamilla explic\u00f3 que el despliegue estrat\u00e9gico y coordinado con la Secretar\u00eda de Marina, la Secretar\u00eda de la Defensa Nacional, la Guardia Nacional, Secretar\u00eda de Gobierno, la Secretar\u00eda de Seguridad y Protecci\u00f3n Ciudadana Federal, la Polic\u00eda Estatal y la Agencia Estatal de Investigaciones, tiene como objetivo desarticular estructuras criminales que han vulnerado la seguridad, impulsado econom\u00edas il\u00edcitas y fracturado el tejido social del Istmo.<\/p>\n<p>Rodr\u00edguez Alamilla a\u00f1adi\u00f3 que, tras el reforzamiento de la operaci\u00f3n con m\u00e1s de 500 elementos federales y estatales, se han realizado al menos 25 cateos y se han logrado 12 detenciones relevantes, varias de ellas de integrantes clave de la estructura del grupo criminal \u201cLos Cromos\u201d.<\/p>\n<p>Entre las aprehensiones realizadas destacan las de dos individuos: uno de ellos identificado como A.G.D., alias \u201cEl Caporal\u201d, y el otro como I.D.L., alias \u201cEl Pollo\u201d, operadores de un rancho, adem\u00e1s que resguardaban armas y la flota blindada de este grupo.<\/p>\n<p>\u201cLa regi\u00f3n del Istmo ha experimentado una presi\u00f3n creciente por parte de c\u00e9lulas criminales que, tras la disminuci\u00f3n del flujo de migrantes \u2014de donde obten\u00edan ingresos il\u00edcitos\u2014, comenzaron a disputarse nuevas fuentes de financiamiento ilegal, incluyendo extorsiones, secuestros, control territorial, narcomenudeo y cobro de piso a comerciantes y transportistas. A ello se suma el valor estrat\u00e9gico del Corredor Interoce\u00e1nico, cuyas rutas de traslado se han convertido en objetivos de control para grupos delictivos\u201d, explic\u00f3 el Fiscal de Oaxaca.<\/p>\n<p>Finalmente, el Fiscal Bernardo Rodr\u00edguez Alamilla enfatiz\u00f3 que la Fiscal\u00eda General del Estado de Oaxaca mantiene un compromiso de realizar procesos de procuraci\u00f3n de justicia adecuados que, a trav\u00e9s de la coordinaci\u00f3n interinstitucional, permitan dar resultados a la ciudadan\u00eda, romper la impunidad y, con ello, devolver la tranquilidad a las familias del Istmo, garantizando que ning\u00fan delito quede impune.<\/p>\n<p><img fetchpriority=\"high\" decoding=\"async\" class=\"alignnone size-medium wp-image-10954\" src=\"https:\/\/fge.oaxaca.gob.mx\/wp-content\/uploads\/2025\/11\/WhatsApp-Image-2025-11-19-at-6.40.42-PM-300x169.jpeg\" alt=\"\" width=\"300\" height=\"169\" \/> <img decoding=\"async\" class=\"alignnone size-medium wp-image-10955\" src=\"https:\/\/fge.oaxaca.gob.mx\/wp-content\/uploads\/2025\/11\/WhatsApp-Image-2025-11-19-at-6.06.15-PM-300x200.jpeg\" alt=\"\" width=\"300\" height=\"200\" \/> <img decoding=\"async\" class=\"alignnone size-medium wp-image-10956\" src=\"https:\/\/fge.oaxaca.gob.mx\/wp-content\/uploads\/2025\/11\/WhatsApp-Image-2025-11-19-at-6.06.14-PM-2-300x200.jpeg\" alt=\"\" width=\"300\" height=\"200\" \/> <img loading=\"lazy\" decoding=\"async\" class=\"alignnone size-medium wp-image-10957\" src=\"https:\/\/fge.oaxaca.gob.mx\/wp-content\/uploads\/2025\/11\/WhatsApp-Image-2025-11-19-at-6.06.14-PM-1-300x200.jpeg\" alt=\"\" width=\"300\" height=\"200\" \/> <img loading=\"lazy\" decoding=\"async\" class=\"alignnone size-medium wp-image-10958\" src=\"https:\/\/fge.oaxaca.gob.mx\/wp-content\/uploads\/2025\/11\/WhatsApp-Image-2025-11-19-at-6.06.14-PM-300x200.jpeg\" alt=\"\" width=\"300\" height=\"200\" \/><\/p>\n","protected":false},"author":5,"featured_media":10947,"comment_status":"closed","ping_status":"closed","template":"","tags":[],"categoria_noticias":[],"class_list":["post-19377","noticias","type-noticias","status-publish","has-post-thumbnail","hentry"],"acf":[],"mb":[],"mfb_rest_fields":["title","gutenberg_elementor_mode"],"_links":{"self":[{"href":"https:\/\/portal.fgeo.gob.mx\/index.php\/wp-json\/wp\/v2\/noticias\/19377","targetHints":{"allow":["GET"]}}],"collection":[{"href":"https:\/\/portal.fgeo.gob.mx\/index.php\/wp-json\/wp\/v2\/noticias"}],"about":[{"href":"https:\/\/portal.fgeo.gob.mx\/index.php\/wp-json\/wp\/v2\/types\/noticias"}],"author":[{"embeddable":true,"href":"https:\/\/portal.fgeo.gob.mx\/index.php\/wp-json\/wp\/v2\/users\/5"}],"replies":[{"embeddable":true,"href":"https:\/\/portal.fgeo.gob.mx\/index.php\/wp-json\/wp\/v2\/comments?post=19377"}],"wp:featuredmedia":[{"embeddable":true,"href":"https:\/\/portal.fgeo.gob.mx\/index.php\/wp-json\/"}],"wp:attachment":[{"href":"https:\/\/portal.fgeo.gob.mx\/index.php\/wp-json\/wp\/v2\/media?parent=19377"}],"wp:term":[{"taxonomy":"post_tag","embeddable":true,"href":"https:\/\/portal.fgeo.gob.mx\/index.php\/wp-json\/wp\/v2\/tags?post=19377"},{"taxonomy":"categoria_noticias","embeddable":true,"href":"https:\/\/portal.fgeo.gob.mx\/index.php\/wp-json\/wp\/v2\/categoria_noticias?post=19377"}],"curies":[{"name":"wp","href":"https:\/\/api.w.org\/{rel}","templated":true}]}}