{"id":19376,"date":"2025-11-19T14:04:18","date_gmt":"2025-11-19T20:04:18","guid":{"rendered":"https:\/\/fge.oaxaca.gob.mx\/?post_type=noticias&amp;p=10951"},"modified":"2025-11-19T14:04:18","modified_gmt":"2025-11-19T20:04:18","slug":"boletin-1948-fiscalia-de-oaxaca-y-gabinete-de-seguridad-estatal-detienen-a-probable-autor-del-triple-homicidio-y-la-desaparicion-de-una-nina-cometidos-en-juchitan-de-zaragoza","status":"publish","type":"noticias","link":"https:\/\/portal.fgeo.gob.mx\/index.php\/archivos\/noticias\/boletin-1948-fiscalia-de-oaxaca-y-gabinete-de-seguridad-estatal-detienen-a-probable-autor-del-triple-homicidio-y-la-desaparicion-de-una-nina-cometidos-en-juchitan-de-zaragoza","title":{"rendered":"BOLET\u00cdN 1,948.- Fiscal\u00eda de Oaxaca y Gabinete de Seguridad Estatal detienen a probable autor del triple homicidio y la desaparici\u00f3n de una ni\u00f1a cometidos en Juchit\u00e1n de Zaragoza"},"content":{"rendered":"<p>&nbsp;<\/p>\n<p><strong>Oaxaca de Ju\u00e1rez a 19 de noviembre de 2025.-<\/strong> Durante la conferencia de prensa de Seguridad del Gobierno del Estado de Oaxaca, el Fiscal General, Bernardo Rodr\u00edguez Alamilla, inform\u00f3 que, como resultado de una serie de estrategias de investigaci\u00f3n integral y articuladas entre las instituciones de seguridad y procuraci\u00f3n de justicia de los tres niveles de gobierno, se logr\u00f3 la detenci\u00f3n de L.S.V., elemento de la Polic\u00eda Auxiliar Bancaria, Industrial y Comercial (PABIC), como probable autor material del triple homicidio &#8211; dos mujeres y un hombre-, as\u00ed como de la desaparici\u00f3n de N.D.S.G., una ni\u00f1a de 4 a\u00f1os de edad, hechos ocurridos en Juchit\u00e1n de Zaragoza.<\/p>\n<p>La detenci\u00f3n de L.S.V., se realiz\u00f3 en Juchit\u00e1n de Zaragoza, derivado de trabajos de inteligencia criminal.<\/p>\n<p>El Fiscal de Oaxaca explic\u00f3 que los hechos tuvieron lugar el 10 de noviembre de 2025, cuando se recibi\u00f3 el reporte sobre el hallazgo de los cuerpos de dos mujeres y un hombre, en la avenida Vicente Guerrero, en la entrada a Guiguyita, perteneciente a Juchit\u00e1n de Zaragoza.<\/p>\n<p>A ra\u00edz de estos hechos, se iniciaron las primeras entrevistas con los familiares de la v\u00edctima A.G.L., quienes reportaron que la ma\u00f1ana del 10 de noviembre, la ni\u00f1a N.D.S.G. hab\u00eda salido en compa\u00f1\u00eda de su madre. Horas despu\u00e9s, se perdi\u00f3 la comunicaci\u00f3n con ambas.<\/p>\n<p>Ante la desaparici\u00f3n de la ni\u00f1a, se activ\u00f3 de inmediato una investigaci\u00f3n integral y multidisciplinaria para esclarecer los hechos y fortalecer las labores de b\u00fasqueda de la menor de edad.<\/p>\n<p>Derivado de un operativo de b\u00fasqueda e inteligencia criminal, la Fiscal\u00eda de Oaxaca, a trav\u00e9s de la Vicefiscal\u00eda Regional del Istmo, en coordinaci\u00f3n con la Secretar\u00eda de la Marina (SEMAR), la Secretar\u00eda de la Defensa Nacional (DEFENSA), la Guardia Nacional, la Polic\u00eda Estatal, la Agencia Estatal de Investigaciones (AEI) y la Polic\u00eda Municipal, localiz\u00f3 sin vida a la menor en el interior de un domicilio particular en la colonia La Planta, en Juchit\u00e1n de Zaragoza.<\/p>\n<p>En el mismo lugar, detuvieron a tres mujeres, identificadas como R.E.B.N., originaria del estado de M\u00e9xico; as\u00ed como M.G.S.P. y R.I.P.G., originarias del estado de Chiapas, quienes est\u00e1n vinculadas con la desaparici\u00f3n y fallecimiento de N.D.S.G.<\/p>\n<p>Adem\u00e1s, se investiga su posible participaci\u00f3n en los hechos que llevaron a la muerte de las otras tres v\u00edctimas, incluida la madre de la ni\u00f1a.<\/p>\n<p>Finalmente, el Fiscal de Oaxaca, Bernardo Rodr\u00edguez Alamilla, asegur\u00f3 que no habr\u00e1 impunidad en este caso y reafirm\u00f3 el compromiso de realizar investigaciones exhaustivas para esclarecer los hechos y aplicar todo el rigor de la ley a quienes resulten responsables.<\/p>\n<figure id=\"attachment_10952\" aria-describedby=\"caption-attachment-10952\" style=\"width: 193px\" class=\"wp-caption alignnone\"><img fetchpriority=\"high\" decoding=\"async\" class=\"size-medium wp-image-10952\" src=\"https:\/\/fge.oaxaca.gob.mx\/wp-content\/uploads\/2025\/11\/Dise\u00f1o-sin-t\u00edtulo-23-193x300.jpg\" alt=\"\" width=\"193\" height=\"300\" \/><figcaption id=\"caption-attachment-10952\" class=\"wp-caption-text\">Dise\u00f1o sin t\u00edtulo &#8211; 1<\/figcaption><\/figure>\n","protected":false},"author":5,"featured_media":10947,"comment_status":"closed","ping_status":"closed","template":"","tags":[],"categoria_noticias":[],"class_list":["post-19376","noticias","type-noticias","status-publish","has-post-thumbnail","hentry"],"acf":[],"mb":[],"mfb_rest_fields":["title","gutenberg_elementor_mode"],"_links":{"self":[{"href":"https:\/\/portal.fgeo.gob.mx\/index.php\/wp-json\/wp\/v2\/noticias\/19376","targetHints":{"allow":["GET"]}}],"collection":[{"href":"https:\/\/portal.fgeo.gob.mx\/index.php\/wp-json\/wp\/v2\/noticias"}],"about":[{"href":"https:\/\/portal.fgeo.gob.mx\/index.php\/wp-json\/wp\/v2\/types\/noticias"}],"author":[{"embeddable":true,"href":"https:\/\/portal.fgeo.gob.mx\/index.php\/wp-json\/wp\/v2\/users\/5"}],"replies":[{"embeddable":true,"href":"https:\/\/portal.fgeo.gob.mx\/index.php\/wp-json\/wp\/v2\/comments?post=19376"}],"wp:featuredmedia":[{"embeddable":true,"href":"https:\/\/portal.fgeo.gob.mx\/index.php\/wp-json\/"}],"wp:attachment":[{"href":"https:\/\/portal.fgeo.gob.mx\/index.php\/wp-json\/wp\/v2\/media?parent=19376"}],"wp:term":[{"taxonomy":"post_tag","embeddable":true,"href":"https:\/\/portal.fgeo.gob.mx\/index.php\/wp-json\/wp\/v2\/tags?post=19376"},{"taxonomy":"categoria_noticias","embeddable":true,"href":"https:\/\/portal.fgeo.gob.mx\/index.php\/wp-json\/wp\/v2\/categoria_noticias?post=19376"}],"curies":[{"name":"wp","href":"https:\/\/api.w.org\/{rel}","templated":true}]}}