{"id":19375,"date":"2025-11-19T09:46:04","date_gmt":"2025-11-19T15:46:04","guid":{"rendered":"https:\/\/fge.oaxaca.gob.mx\/?post_type=noticias&amp;p=10948"},"modified":"2025-11-19T09:46:04","modified_gmt":"2025-11-19T15:46:04","slug":"boletin-1947-fiscalia-de-oaxaca-detiene-a-expolicia-por-homicidio-y-abuso-de-autoridad-cometidos-en-el-distrito-federal-ahora-cdmx-era-taxista-en-la-cuenca-y-estuvo-profugo-mas-de-30-anos","status":"publish","type":"noticias","link":"https:\/\/portal.fgeo.gob.mx\/index.php\/archivos\/noticias\/boletin-1947-fiscalia-de-oaxaca-detiene-a-expolicia-por-homicidio-y-abuso-de-autoridad-cometidos-en-el-distrito-federal-ahora-cdmx-era-taxista-en-la-cuenca-y-estuvo-profugo-mas-de-30-anos","title":{"rendered":"BOLET\u00cdN 1,947.- Fiscal\u00eda de Oaxaca detiene a expolic\u00eda por homicidio y abuso de autoridad cometidos en el Distrito Federal (Ahora CDMX), era taxista en la Cuenca y estuvo pr\u00f3fugo m\u00e1s de 30 a\u00f1os"},"content":{"rendered":"<p>&nbsp;<\/p>\n<p>* Era parte del cuerpo de granaderos en los a\u00f1os ochenta, las investigaciones revelan que habr\u00eda disparado injustificadamente contra un civil que perdi\u00f3 la vida tras la agresi\u00f3n<\/p>\n<p>Oaxaca de Ju\u00e1rez a 19 de noviembre de 2025.- Derivado de la colaboraci\u00f3n interinstitucional, la Fiscal\u00eda General del Estado de Oaxaca (FGEO) logr\u00f3 la detenci\u00f3n de una persona del sexo masculino identificada como J.R.M.M., ex polic\u00eda y granadero de la Secretar\u00eda de Protecci\u00f3n y Vialidad del Distrito Federal, ahora Ciudad de M\u00e9xico, por el delito de homicidio y abuso de autoridad cometido en la capital del pa\u00eds.<\/p>\n<p>La detenci\u00f3n se llev\u00f3 a cabo gracias a la intervenci\u00f3n de la FGEO, a trav\u00e9s de la Vicefiscal\u00eda Regional de la Cuenca y elementos de la Agencia Estatal de Investigaciones (AEI), en calles c\u00e9ntricas del municipio de San Juan Bautista Tuxtepec, lugar donde trabajaba como chofer de un taxi,<\/p>\n<p>La investigaci\u00f3n de la FGEO detalla que el mandato judicial deriva de hechos cometidos en la Ciudad de M\u00e9xico en el a\u00f1o de 1989, cuando el imputado ten\u00eda 25 a\u00f1os de edad y se desempe\u00f1aba como elemento activo del extinto grupo de granaderos de la entonces Secretar\u00eda de Protecci\u00f3n y Vialidad del Distrito Federal.<\/p>\n<p>De acuerdo con el expediente, J.R.M.M., junto con otros elementos policiales patrullaban sobre la calle General Miguel Quintana esquina General Loera de la colonia Daniel Garza en la Alcald\u00eda Miguel Hidalgo de la Ciudad de M\u00e9xico, cuando interceptaron a un grupo de personas para realizarles una revisi\u00f3n de rutina debido a que se encontraban presuntamente ingiriendo bebidas embriagantes en la v\u00eda p\u00fablica.<\/p>\n<p>Cuando los uniformados se acercaron, un par de j\u00f3venes trat\u00f3 de huir para evitar la detenci\u00f3n, por lo cual corri\u00f3 en direcci\u00f3n opuesta, momento en que fue agredido con disparos de arma larga, infligiendo lesiones en uno de ellos que lo priv\u00f3 de la vida, la v\u00edctima, era un hombre joven de 21 a\u00f1os de edad identificado como G.M.S.<\/p>\n<p>Tras la detenci\u00f3n de J.R.M.M., se iniciaron los tr\u00e1mites legales pertinentes para su traslado a la Ciudad de M\u00e9xico y con ello, ponerlo a disposici\u00f3n de la autoridad ministerial correspondiente para determinar su situaci\u00f3n jur\u00eddica.<\/p>\n<p>Los trabajos de colaboraci\u00f3n que realiza la Fiscal\u00eda de Oaxaca con Fiscal\u00edas de otras entidades federativas se traducen en acciones asertivas para que las v\u00edctimas tengan pleno acceso a la justicia y la reparaci\u00f3n del da\u00f1o.<\/p>\n<p><img fetchpriority=\"high\" decoding=\"async\" class=\"alignnone size-medium wp-image-10949\" src=\"https:\/\/fge.oaxaca.gob.mx\/wp-content\/uploads\/2025\/11\/WhatsApp-Image-2025-11-19-at-9.21.48-AM-1-300x300.jpeg\" alt=\"\" width=\"300\" height=\"300\" \/> <img decoding=\"async\" class=\"alignnone size-medium wp-image-10950\" src=\"https:\/\/fge.oaxaca.gob.mx\/wp-content\/uploads\/2025\/11\/WhatsApp-Image-2025-11-19-at-9.21.48-AM-241x300.jpeg\" alt=\"\" width=\"241\" height=\"300\" \/><\/p>\n","protected":false},"author":5,"featured_media":10947,"comment_status":"closed","ping_status":"closed","template":"","tags":[],"categoria_noticias":[],"class_list":["post-19375","noticias","type-noticias","status-publish","has-post-thumbnail","hentry"],"acf":[],"mb":[],"mfb_rest_fields":["title","gutenberg_elementor_mode"],"_links":{"self":[{"href":"https:\/\/portal.fgeo.gob.mx\/index.php\/wp-json\/wp\/v2\/noticias\/19375","targetHints":{"allow":["GET"]}}],"collection":[{"href":"https:\/\/portal.fgeo.gob.mx\/index.php\/wp-json\/wp\/v2\/noticias"}],"about":[{"href":"https:\/\/portal.fgeo.gob.mx\/index.php\/wp-json\/wp\/v2\/types\/noticias"}],"author":[{"embeddable":true,"href":"https:\/\/portal.fgeo.gob.mx\/index.php\/wp-json\/wp\/v2\/users\/5"}],"replies":[{"embeddable":true,"href":"https:\/\/portal.fgeo.gob.mx\/index.php\/wp-json\/wp\/v2\/comments?post=19375"}],"wp:featuredmedia":[{"embeddable":true,"href":"https:\/\/portal.fgeo.gob.mx\/index.php\/wp-json\/"}],"wp:attachment":[{"href":"https:\/\/portal.fgeo.gob.mx\/index.php\/wp-json\/wp\/v2\/media?parent=19375"}],"wp:term":[{"taxonomy":"post_tag","embeddable":true,"href":"https:\/\/portal.fgeo.gob.mx\/index.php\/wp-json\/wp\/v2\/tags?post=19375"},{"taxonomy":"categoria_noticias","embeddable":true,"href":"https:\/\/portal.fgeo.gob.mx\/index.php\/wp-json\/wp\/v2\/categoria_noticias?post=19375"}],"curies":[{"name":"wp","href":"https:\/\/api.w.org\/{rel}","templated":true}]}}