{"id":19373,"date":"2025-11-18T13:01:26","date_gmt":"2025-11-18T19:01:26","guid":{"rendered":"https:\/\/fge.oaxaca.gob.mx\/?post_type=noticias&amp;p=10871"},"modified":"2025-11-18T13:01:26","modified_gmt":"2025-11-18T19:01:26","slug":"boletin-1944-fiscalia-de-oaxaca-detiene-a-dos-personas-por-robo-a-sucursal-bancaria-cometido-con-arma-de-fuego-en-el-istmo","status":"publish","type":"noticias","link":"https:\/\/portal.fgeo.gob.mx\/index.php\/archivos\/noticias\/boletin-1944-fiscalia-de-oaxaca-detiene-a-dos-personas-por-robo-a-sucursal-bancaria-cometido-con-arma-de-fuego-en-el-istmo","title":{"rendered":"BOLET\u00cdN 1,944.- Fiscal\u00eda de Oaxaca detiene a dos personas por robo a sucursal bancaria cometido con arma de fuego en el Istmo"},"content":{"rendered":"<p><strong>Oaxaca de Ju\u00e1rez, Oax.-18 de noviembre de 2025.-<\/strong>Como parte del seguimiento a casos de delitos de alto impacto, la Fiscal\u00eda General del Estado de Oaxaca (FGEO) ejecut\u00f3 una orden de aprehensi\u00f3n contra dos personas del sexo masculino, identificadas como B.R.E. y E.L.D., por el delito de robo calificado con violencia moral en perjuicio patrimonial del grupo financiero HSBC, cometido en la regi\u00f3n del Istmo de Tehuantepec.<\/p>\n<p>De acuerdo con el expediente penal, los hechos ocurrieron el 27 de octubre de 2025, en la sucursal bancaria, ubicada en la avenida Manuel \u00c1vila Camacho, esquina con Coatzacoalcos, en el Centro de Salina Cruz.<\/p>\n<p>La investigaci\u00f3n revela que al lugar arribaron dos personas a bordo de una motocicleta, uno de ellos ingres\u00f3 a la sucursal bancaria portando un arma de fuego, se dirigi\u00f3 a la ventanilla y amenaz\u00f3 a un trabajador para que le entregara el dinero en efectivo.<\/p>\n<p>Tras sustraer el dinero, el sujeto sali\u00f3 del banco y abord\u00f3 nuevamente la motocicleta conducida por su c\u00f3mplice, d\u00e1ndose a la fuga con rumbo desconocido.<\/p>\n<p>Una vez iniciadas las investigaciones derivadas de la denuncia penal, la Fiscal\u00eda de Oaxaca obtuvo una orden de aprehensi\u00f3n en contra de B.R.E. y E.L.D.<\/p>\n<p>Tras su localizaci\u00f3n, B.R.E. y E.L.D., fueron detenidos durante un operativo encabezado por la Fiscal\u00eda de Oaxaca, a trav\u00e9s de elementos de la Agencia Estatal de Investigaciones (AEI) adscritos a la Vicefiscal\u00eda Regional del Istmo, en coordinaci\u00f3n con la Secretar\u00eda de la Defensa Nacional (DEFENSA) y la Secretar\u00eda de Marina (SEMAR).<\/p>\n<p>Posteriormente, fueron puestos a disposici\u00f3n de las autoridades competentes para continuar con el proceso legal correspondiente.<\/p>\n<p>La Fiscal\u00eda de Oaxaca mantiene trabajos de investigaci\u00f3n en estrecha coordinaci\u00f3n con diversas instancias para fortalecer la eficacia en la procuraci\u00f3n de justicia.<\/p>\n<p><img fetchpriority=\"high\" decoding=\"async\" class=\"alignnone size-medium wp-image-10872\" src=\"https:\/\/fge.oaxaca.gob.mx\/wp-content\/uploads\/2025\/11\/Dise\u00f1o-sin-t\u00edtulo-1-8-225x300.jpg\" alt=\"\" width=\"225\" height=\"300\" \/> <img decoding=\"async\" class=\"alignnone size-medium wp-image-10873\" src=\"https:\/\/fge.oaxaca.gob.mx\/wp-content\/uploads\/2025\/11\/Dise\u00f1o-sin-t\u00edtulo-21-225x300.jpg\" alt=\"\" width=\"225\" height=\"300\" \/><\/p>\n","protected":false},"author":5,"featured_media":10870,"comment_status":"closed","ping_status":"closed","template":"","tags":[],"categoria_noticias":[],"class_list":["post-19373","noticias","type-noticias","status-publish","has-post-thumbnail","hentry"],"acf":[],"mb":[],"mfb_rest_fields":["title","gutenberg_elementor_mode"],"_links":{"self":[{"href":"https:\/\/portal.fgeo.gob.mx\/index.php\/wp-json\/wp\/v2\/noticias\/19373","targetHints":{"allow":["GET"]}}],"collection":[{"href":"https:\/\/portal.fgeo.gob.mx\/index.php\/wp-json\/wp\/v2\/noticias"}],"about":[{"href":"https:\/\/portal.fgeo.gob.mx\/index.php\/wp-json\/wp\/v2\/types\/noticias"}],"author":[{"embeddable":true,"href":"https:\/\/portal.fgeo.gob.mx\/index.php\/wp-json\/wp\/v2\/users\/5"}],"replies":[{"embeddable":true,"href":"https:\/\/portal.fgeo.gob.mx\/index.php\/wp-json\/wp\/v2\/comments?post=19373"}],"wp:featuredmedia":[{"embeddable":true,"href":"https:\/\/portal.fgeo.gob.mx\/index.php\/wp-json\/"}],"wp:attachment":[{"href":"https:\/\/portal.fgeo.gob.mx\/index.php\/wp-json\/wp\/v2\/media?parent=19373"}],"wp:term":[{"taxonomy":"post_tag","embeddable":true,"href":"https:\/\/portal.fgeo.gob.mx\/index.php\/wp-json\/wp\/v2\/tags?post=19373"},{"taxonomy":"categoria_noticias","embeddable":true,"href":"https:\/\/portal.fgeo.gob.mx\/index.php\/wp-json\/wp\/v2\/categoria_noticias?post=19373"}],"curies":[{"name":"wp","href":"https:\/\/api.w.org\/{rel}","templated":true}]}}