{"id":19372,"date":"2025-11-18T09:42:07","date_gmt":"2025-11-18T15:42:07","guid":{"rendered":"https:\/\/fge.oaxaca.gob.mx\/?post_type=noticias&amp;p=10868"},"modified":"2025-11-18T09:42:07","modified_gmt":"2025-11-18T15:42:07","slug":"boletin-1943-fiscalia-de-oaxaca-obtiene-vinculacion-a-proceso-contra-imputado-por-ataque-con-disparos-de-arma-de-fuego-en-agravio-de-ex-presidenta-municipal-de-la-pe-en-el-distrito-de-ejutla","status":"publish","type":"noticias","link":"https:\/\/portal.fgeo.gob.mx\/index.php\/archivos\/noticias\/boletin-1943-fiscalia-de-oaxaca-obtiene-vinculacion-a-proceso-contra-imputado-por-ataque-con-disparos-de-arma-de-fuego-en-agravio-de-ex-presidenta-municipal-de-la-pe-en-el-distrito-de-ejutla","title":{"rendered":"BOLET\u00cdN 1,943.- Fiscal\u00eda de Oaxaca obtiene vinculaci\u00f3n a proceso contra imputado por ataque con disparos de arma de fuego en agravio de ex presidenta municipal de la Pe, en el distrito de Ejutla"},"content":{"rendered":"<p style=\"font-weight: 400\">&#8211; Por este caso, la FGEO ha logrado procesar penalmente a dos sujetos, el primero fue contra J.G.R., alias \u201cLa Vaca\u201d y el segundo contra D.M.E.<\/p>\n<p style=\"font-weight: 400\">Oaxaca de Ju\u00e1rez, Oax., a 18 de noviembre de 2025.- La Fiscal\u00eda General del Estado de Oaxaca (FGEO) obtuvo auto de vinculaci\u00f3n a proceso para una persona del sexo masculino identificado como D.M.E., imputado por el delito de homicidio calificado en grado de tentativa en agravio de una ex presidenta municipal en la regi\u00f3n de los Valles Centrales.<\/p>\n<p style=\"font-weight: 400\">De acuerdo con la investigaci\u00f3n ministerial, los hechos ocurrieron la tarde del 02 de enero de 2025, cuando la v\u00edctima, una mujer identificada como T.A.C.C., ex presidenta municipal de La Pe, en el distrito de Ejutla de Crespo, fue agredida con disparos de arma de fuego, delito perpetrado desde una motocicleta, en el cual result\u00f3 lesionada.<\/p>\n<p style=\"font-weight: 400\">La investigaci\u00f3n detalla que el ataque armado se perpetr\u00f3 cuando la v\u00edctima descend\u00eda de un veh\u00edculo del transporte p\u00fablico en inmediaciones del crucero de la poblaci\u00f3n El Vergel, cerca del entronque de la carretera federal 175.<\/p>\n<p style=\"font-weight: 400\">En su expediente, la FGEO detalla que, derivado de estos hechos, inici\u00f3 las investigaciones correspondientes a trav\u00e9s de la Vicefiscal\u00eda Regional de los Valles Centrales, lo que permiti\u00f3 la obtenci\u00f3n de\u00a0una orden de aprehensi\u00f3n contra D.M.E., que fue ejecutada por elementos de la Agencia Estatal de Investigaciones (AEI), una vez detenido, fue puesto a disposici\u00f3n de la autoridad correspondiente.<\/p>\n<p style=\"font-weight: 400\">Gracias a los datos de prueba aportados por el Ministerio P\u00fablico, el Juez de la causa determin\u00f3 vincular a proceso a D.M.E., por el delito de homicidio calificado en grado de tentativa, adem\u00e1s que dict\u00f3 la medida de prisi\u00f3n preventiva justificada de forma definitiva y otorg\u00f3 el plazo de dos meses para el cierre de la investigaci\u00f3n complementaria.<\/p>\n<p style=\"font-weight: 400\">Es importante mencionar que por estos hechos, hay otra persona identificada como J.G.R., alias \u201cLa Vaca\u201d,\u00a0 que fue vinculada a proceso en abril de 2025.<\/p>\n<p style=\"font-weight: 400\">Para la Fiscal\u00eda General de Oaxaca, el empleo de protocolos y la aplicaci\u00f3n de t\u00e9cnicas cient\u00edficas en las investigaciones de cr\u00edmenes, permiten a esta instancia tener certeza en los trabajos de procuraci\u00f3n de justicia en el estado.<\/p>\n<p style=\"font-weight: 400\"><img fetchpriority=\"high\" decoding=\"async\" class=\"alignnone size-medium wp-image-10869\" src=\"https:\/\/fge.oaxaca.gob.mx\/wp-content\/uploads\/2025\/11\/G6DHRQsbMAUfGpB-225x300.jpg\" alt=\"\" width=\"225\" height=\"300\" \/><\/p>\n","protected":false},"author":5,"featured_media":10870,"comment_status":"closed","ping_status":"closed","template":"","tags":[],"categoria_noticias":[],"class_list":["post-19372","noticias","type-noticias","status-publish","has-post-thumbnail","hentry"],"acf":[],"mb":[],"mfb_rest_fields":["title","gutenberg_elementor_mode"],"_links":{"self":[{"href":"https:\/\/portal.fgeo.gob.mx\/index.php\/wp-json\/wp\/v2\/noticias\/19372","targetHints":{"allow":["GET"]}}],"collection":[{"href":"https:\/\/portal.fgeo.gob.mx\/index.php\/wp-json\/wp\/v2\/noticias"}],"about":[{"href":"https:\/\/portal.fgeo.gob.mx\/index.php\/wp-json\/wp\/v2\/types\/noticias"}],"author":[{"embeddable":true,"href":"https:\/\/portal.fgeo.gob.mx\/index.php\/wp-json\/wp\/v2\/users\/5"}],"replies":[{"embeddable":true,"href":"https:\/\/portal.fgeo.gob.mx\/index.php\/wp-json\/wp\/v2\/comments?post=19372"}],"wp:featuredmedia":[{"embeddable":true,"href":"https:\/\/portal.fgeo.gob.mx\/index.php\/wp-json\/"}],"wp:attachment":[{"href":"https:\/\/portal.fgeo.gob.mx\/index.php\/wp-json\/wp\/v2\/media?parent=19372"}],"wp:term":[{"taxonomy":"post_tag","embeddable":true,"href":"https:\/\/portal.fgeo.gob.mx\/index.php\/wp-json\/wp\/v2\/tags?post=19372"},{"taxonomy":"categoria_noticias","embeddable":true,"href":"https:\/\/portal.fgeo.gob.mx\/index.php\/wp-json\/wp\/v2\/categoria_noticias?post=19372"}],"curies":[{"name":"wp","href":"https:\/\/api.w.org\/{rel}","templated":true}]}}