{"id":19371,"date":"2025-11-17T14:00:34","date_gmt":"2025-11-17T20:00:34","guid":{"rendered":"https:\/\/fge.oaxaca.gob.mx\/?post_type=noticias&amp;p=10866"},"modified":"2025-11-17T14:00:34","modified_gmt":"2025-11-17T20:00:34","slug":"boletin-1942-fiscalia-de-oaxaca-ejecuta-orden-de-aprehension-por-secuestro-de-taxista-cometido-en-la-region-de-la-costa","status":"publish","type":"noticias","link":"https:\/\/portal.fgeo.gob.mx\/index.php\/archivos\/noticias\/boletin-1942-fiscalia-de-oaxaca-ejecuta-orden-de-aprehension-por-secuestro-de-taxista-cometido-en-la-region-de-la-costa","title":{"rendered":"BOLET\u00cdN 1,942.- Fiscal\u00eda de Oaxaca ejecuta orden de aprehensi\u00f3n por secuestro de taxista, cometido en la regi\u00f3n de la Costa"},"content":{"rendered":"<p>&nbsp;<\/p>\n<p>Oaxaca de Ju\u00e1rez a 17 de noviembre de 2025.- La Fiscal\u00eda General del Estado de Oaxaca (FGEO) ejecut\u00f3 una orden de aprehensi\u00f3n en contra de una persona del sexo masculino identificada como F.N.T., por el delito de secuestro, ocurrido en la regi\u00f3n de la Costa.<\/p>\n<p>&nbsp;<\/p>\n<p>De acuerdo con la investigaci\u00f3n, los hechos se registraron el 24 de septiembre de 2024, cuando la v\u00edctima \u2014de oficio taxista\u2014 fue contratada para realizar un viaje en San Sebasti\u00e1n Ixcapa; sin embargo, durante el trayecto fue amenazada con un arma de fuego y obligada a desviarse de su ruta. Posteriormente, fue entregado a un grupo de personas armadas que la privaron de la libertad y exigieron un pago a sus familiares a cambio de su liberaci\u00f3n.<\/p>\n<p>&nbsp;<\/p>\n<p>Tras la denuncia correspondiente, la Fiscal\u00eda Especializada en Delitos de Alto Impacto integr\u00f3 la carpeta de investigaci\u00f3n, recabando los datos de prueba que permitieron obtener la orden de aprehensi\u00f3n en contra de F.N.T. por el delito mencionado.<\/p>\n<p>&nbsp;<\/p>\n<p>Como resultado, la Agencia Estatal de Investigaciones (AEI) y la Unidad Policial Especializada en Combate al Secuestro implementaron un operativo que culmin\u00f3 con la localizaci\u00f3n y detenci\u00f3n del imputado, quien fue puesto a disposici\u00f3n de la autoridad ministerial correspondiente para que se determine su situaci\u00f3n jur\u00eddica.<\/p>\n<p>&nbsp;<\/p>\n<p>La Fiscal\u00eda de Oaxaca reafirma su compromiso de aplicar m\u00e9todos cient\u00edficos de investigaci\u00f3n e inteligencia criminal para el esclarecimiento de delitos de alto impacto y garantizar procesos de procuraci\u00f3n de justicia eficaces en favor de las v\u00edctimas.<\/p>\n<p><img fetchpriority=\"high\" decoding=\"async\" class=\"alignnone size-medium wp-image-10867\" src=\"https:\/\/fge.oaxaca.gob.mx\/wp-content\/uploads\/2025\/11\/WhatsApp-Image-2025-11-17-at-1.24.16-PM-184x300.jpeg\" alt=\"\" width=\"184\" height=\"300\" \/><\/p>\n","protected":false},"author":5,"featured_media":10819,"comment_status":"closed","ping_status":"closed","template":"","tags":[],"categoria_noticias":[],"class_list":["post-19371","noticias","type-noticias","status-publish","has-post-thumbnail","hentry"],"acf":[],"mb":[],"mfb_rest_fields":["title","gutenberg_elementor_mode"],"_links":{"self":[{"href":"https:\/\/portal.fgeo.gob.mx\/index.php\/wp-json\/wp\/v2\/noticias\/19371","targetHints":{"allow":["GET"]}}],"collection":[{"href":"https:\/\/portal.fgeo.gob.mx\/index.php\/wp-json\/wp\/v2\/noticias"}],"about":[{"href":"https:\/\/portal.fgeo.gob.mx\/index.php\/wp-json\/wp\/v2\/types\/noticias"}],"author":[{"embeddable":true,"href":"https:\/\/portal.fgeo.gob.mx\/index.php\/wp-json\/wp\/v2\/users\/5"}],"replies":[{"embeddable":true,"href":"https:\/\/portal.fgeo.gob.mx\/index.php\/wp-json\/wp\/v2\/comments?post=19371"}],"wp:featuredmedia":[{"embeddable":true,"href":"https:\/\/portal.fgeo.gob.mx\/index.php\/wp-json\/"}],"wp:attachment":[{"href":"https:\/\/portal.fgeo.gob.mx\/index.php\/wp-json\/wp\/v2\/media?parent=19371"}],"wp:term":[{"taxonomy":"post_tag","embeddable":true,"href":"https:\/\/portal.fgeo.gob.mx\/index.php\/wp-json\/wp\/v2\/tags?post=19371"},{"taxonomy":"categoria_noticias","embeddable":true,"href":"https:\/\/portal.fgeo.gob.mx\/index.php\/wp-json\/wp\/v2\/categoria_noticias?post=19371"}],"curies":[{"name":"wp","href":"https:\/\/api.w.org\/{rel}","templated":true}]}}